{"id":155401,"date":"2020-02-27T07:17:49","date_gmt":"2020-02-27T10:17:49","guid":{"rendered":"http:\/\/www.caririemacao.com\/1\/?p=155401"},"modified":"2020-02-27T07:19:39","modified_gmt":"2020-02-27T10:19:39","slug":"pos-folia-os-pre-candidatos-paraibanos-devem-focar-nos-prazos-eleitorais-e-convencoes","status":"publish","type":"post","link":"https:\/\/www.caririemacao.com\/1\/2020\/02\/27\/pos-folia-os-pre-candidatos-paraibanos-devem-focar-nos-prazos-eleitorais-e-convencoes\/","title":{"rendered":"P\u00f3s-folia os pr\u00e9-candidatos paraibanos devem focar nos prazos eleitorais e conven\u00e7\u00f5es"},"content":{"rendered":"\n<div class=\"wp-block-image\"><figure class=\"aligncenter\"><img decoding=\"async\" data-src=\"http:\/\/deolhonocariri.com.br\/wp-content\/uploads\/2020\/01\/eleiccca7occ83es-01.jpg\" alt=\"\" class=\"wp-image-76527 lazyload\" src=\"data:image\/svg+xml;base64,PHN2ZyB3aWR0aD0iMSIgaGVpZ2h0PSIxIiB4bWxucz0iaHR0cDovL3d3dy53My5vcmcvMjAwMC9zdmciPjwvc3ZnPg==\" \/><\/figure><\/div>\n\n\n\n<p>Como se diz \u201cTudo no Brasil, come\u00e7a ap\u00f3s o carnaval\u201d, essa m\u00e1xima tamb\u00e9m \u00e9 levada a pol\u00edtica, onde os pr\u00e9-candidatos nas elei\u00e7\u00f5es devem dar o start oficial as suas pretens\u00f5es eleitorais. Segundo dados do Tribunal Regional Eleitoral da Para\u00edba (TRE-PB) as conven\u00e7\u00f5es dever\u00e3o ser realizadas de 20 de julho a 5 de agosto. Tamb\u00e9m a partir de 20 de julho, os candidatos passam a ter direito de resposta \u00e0 divulga\u00e7\u00e3o de conte\u00fado difamat\u00f3rio, calunioso ou injurioso por qualquer ve\u00edculo de comunica\u00e7\u00e3o social.<\/p>\n\n\n\n<p>Ainda neste dia 20 de julho, tamb\u00e9m \u00e9 contabilizada a distribui\u00e7\u00e3o partid\u00e1ria dos assentos na C\u00e2mara dos Deputados para o c\u00e1lculo do tempo da propaganda eleitoral no r\u00e1dio e na televis\u00e3o. J\u00e1 os registros de candidaturas devem ser protocolados na Justi\u00e7a Eleitoral, via internet, at\u00e9 as 23h59 do dia 14 de agosto. Por meio f\u00edsico, os requerimentos devem ser protocolados at\u00e9 \u00e0s 19h do dia 15.<\/p>\n\n\n\n<p>Caso os partidos pol\u00edticos n\u00e3o tenham apresentado, dentro desses prazos, o requerimento de registro de candidatos escolhidos em conven\u00e7\u00e3o, os pr\u00f3prios candidatos poder\u00e3o faz\u00ea-lo, pessoalmente, at\u00e9 o dia 20 de agosto.<\/p>\n\n\n\n<p>J\u00e1 no dia 16 de agosto, passa a ser permitida a propaganda eleitoral, inclusive na internet. Os com\u00edcios poder\u00e3o acontecer at\u00e9 o dia 1\u00ba de outubro. A divulga\u00e7\u00e3o paga, na imprensa escrita, de propaganda eleitoral e a reprodu\u00e7\u00e3o, na internet, de jornal impresso com propaganda relativa ao primeiro turno ser\u00e3o permitidas at\u00e9 o dia 2. J\u00e1 a distribui\u00e7\u00e3o de santinhos e a realiza\u00e7\u00e3o de carreatas e passeatas podem ocorrer at\u00e9 3 de outubro. O hor\u00e1rio eleitoral gratuito no r\u00e1dio e na televis\u00e3o passa a ser veiculado de 28 de agosto a 1\u00ba de outubro.<\/p>\n\n\n\n<p>A Justi\u00e7a Eleitoral estabeleceu o prazo de 14 de setembro para que todos os cerca de 500 mil registros de candidatura esperados para o pleito de 2020 tenham sido julgados pelos respectivos ju\u00edzes eleitorais. J\u00e1 a partir do dia 19 de setembro, candidatos n\u00e3o poder\u00e3o ser presos, salvo no caso de flagrante delito. Eleitores, por sua vez, n\u00e3o poder\u00e3o, em regra, ser presos a partir do dia 29 do m\u00eas. O primeiro turno de vota\u00e7\u00e3o para vereadores e prefeitos acontecer\u00e1 no dia 4 de outubro; o segundo turno, no dia 25 do mesmo m\u00eas.<\/p>\n\n\n\n<p><em>PB Agora<\/em><\/p>\n","protected":false},"excerpt":{"rendered":"<p>Como se diz \u201cTudo no Brasil, come\u00e7a ap\u00f3s o carnaval\u201d, essa m\u00e1xima tamb\u00e9m \u00e9 levada a pol\u00edtica, onde os pr\u00e9-candidatos nas elei\u00e7\u00f5es devem dar o&hellip; <\/p>\n","protected":false},"author":2,"featured_media":155402,"comment_status":"closed","ping_status":"closed","sticky":false,"template":"","format":"standard","meta":{"sfsi_plus_gutenberg_text_before_share":"","sfsi_plus_gutenberg_show_text_before_share":"","sfsi_plus_gutenberg_icon_type":"","sfsi_plus_gutenberg_icon_alignemt":"","sfsi_plus_gutenburg_max_per_row":"","footnotes":""},"categories":[2],"tags":[],"class_list":["post-155401","post","type-post","status-publish","format-standard","has-post-thumbnail","hentry","category-geral"],"_links":{"self":[{"href":"https:\/\/www.caririemacao.com\/1\/wp-json\/wp\/v2\/posts\/155401","targetHints":{"allow":["GET"]}}],"collection":[{"href":"https:\/\/www.caririemacao.com\/1\/wp-json\/wp\/v2\/posts"}],"about":[{"href":"https:\/\/www.caririemacao.com\/1\/wp-json\/wp\/v2\/types\/post"}],"author":[{"embeddable":true,"href":"https:\/\/www.caririemacao.com\/1\/wp-json\/wp\/v2\/users\/2"}],"replies":[{"embeddable":true,"href":"https:\/\/www.caririemacao.com\/1\/wp-json\/wp\/v2\/comments?post=155401"}],"version-history":[{"count":2,"href":"https:\/\/www.caririemacao.com\/1\/wp-json\/wp\/v2\/posts\/155401\/revisions"}],"predecessor-version":[{"id":155407,"href":"https:\/\/www.caririemacao.com\/1\/wp-json\/wp\/v2\/posts\/155401\/revisions\/155407"}],"wp:featuredmedia":[{"embeddable":true,"href":"https:\/\/www.caririemacao.com\/1\/wp-json\/wp\/v2\/media\/155402"}],"wp:attachment":[{"href":"https:\/\/www.caririemacao.com\/1\/wp-json\/wp\/v2\/media?parent=155401"}],"wp:term":[{"taxonomy":"category","embeddable":true,"href":"https:\/\/www.caririemacao.com\/1\/wp-json\/wp\/v2\/categories?post=155401"},{"taxonomy":"post_tag","embeddable":true,"href":"https:\/\/www.caririemacao.com\/1\/wp-json\/wp\/v2\/tags?post=155401"}],"curies":[{"name":"wp","href":"https:\/\/api.w.org\/{rel}","templated":true}]}}