{"id":155409,"date":"2020-02-27T07:21:33","date_gmt":"2020-02-27T10:21:33","guid":{"rendered":"http:\/\/www.caririemacao.com\/1\/?p=155409"},"modified":"2020-02-27T07:21:50","modified_gmt":"2020-02-27T10:21:50","slug":"na-paraiba-corpo-de-agricultor-e-encontrado-em-cerca-apos-afogamento-em-rio","status":"publish","type":"post","link":"https:\/\/www.caririemacao.com\/1\/2020\/02\/27\/na-paraiba-corpo-de-agricultor-e-encontrado-em-cerca-apos-afogamento-em-rio\/","title":{"rendered":"NA PARA\u00cdBA: Corpo de agricultor \u00e9 encontrado em cerca ap\u00f3s afogamento em rio"},"content":{"rendered":"\n<div class=\"wp-block-image\"><figure class=\"aligncenter\"><img decoding=\"async\" data-src=\"http:\/\/deolhonocariri.com.br\/wp-content\/uploads\/2020\/02\/afogamento.jpg\" alt=\"\" class=\"wp-image-78464 lazyload\" src=\"data:image\/svg+xml;base64,PHN2ZyB3aWR0aD0iMSIgaGVpZ2h0PSIxIiB4bWxucz0iaHR0cDovL3d3dy53My5vcmcvMjAwMC9zdmciPjwvc3ZnPg==\" \/><\/figure><\/div>\n\n\n\n<p>O corpo de um agricultor de 47 anos foi encontrado em uma cerca, na manh\u00e3 desta quarta-feira (26), ap\u00f3s ele ter se afogado em um rio localizado entre os munic\u00edpios de Cajazeiras e S\u00e3o Jo\u00e3o do Rio do Peixe, no Sert\u00e3o da Para\u00edba. Segundo o Corpo de Bombeiros, a v\u00edtima desapareceu na \u00faltima segunda-feira (24), quando saiu para nadar.<\/p>\n\n\n\n<p>O acesso ao reservat\u00f3rio, onde o afogamento aconteceu, ficou obstru\u00eddo por causa da correnteza formada ap\u00f3s fortes chuvas que ca\u00edram no munic\u00edpio.<\/p>\n\n\n\n<p>Uma equipe de mergulhadores do Corpo de Bombeiros ainda fez buscas no rio, e o corpo do homem foi encontrado no s\u00edtio Almas, em Cajazeiras, ap\u00f3s o n\u00edvel das \u00e1guas baixar.<\/p>\n\n\n\n<p>O corpo do agricultor foi encaminhado para o N\u00facleo de Medicina e Odontologia Legal (Numol) de Cajazeiras.<\/p>\n\n\n\n<p><em>G1 PB<\/em><\/p>\n","protected":false},"excerpt":{"rendered":"<p>O corpo de um agricultor de 47 anos foi encontrado em uma cerca, na manh\u00e3 desta quarta-feira (26), ap\u00f3s ele ter se afogado em um&hellip; <\/p>\n","protected":false},"author":2,"featured_media":155410,"comment_status":"closed","ping_status":"closed","sticky":false,"template":"","format":"standard","meta":{"sfsi_plus_gutenberg_text_before_share":"","sfsi_plus_gutenberg_show_text_before_share":"","sfsi_plus_gutenberg_icon_type":"","sfsi_plus_gutenberg_icon_alignemt":"","sfsi_plus_gutenburg_max_per_row":"","footnotes":""},"categories":[12],"tags":[],"class_list":["post-155409","post","type-post","status-publish","format-standard","has-post-thumbnail","hentry","category-policia"],"_links":{"self":[{"href":"https:\/\/www.caririemacao.com\/1\/wp-json\/wp\/v2\/posts\/155409","targetHints":{"allow":["GET"]}}],"collection":[{"href":"https:\/\/www.caririemacao.com\/1\/wp-json\/wp\/v2\/posts"}],"about":[{"href":"https:\/\/www.caririemacao.com\/1\/wp-json\/wp\/v2\/types\/post"}],"author":[{"embeddable":true,"href":"https:\/\/www.caririemacao.com\/1\/wp-json\/wp\/v2\/users\/2"}],"replies":[{"embeddable":true,"href":"https:\/\/www.caririemacao.com\/1\/wp-json\/wp\/v2\/comments?post=155409"}],"version-history":[{"count":2,"href":"https:\/\/www.caririemacao.com\/1\/wp-json\/wp\/v2\/posts\/155409\/revisions"}],"predecessor-version":[{"id":155412,"href":"https:\/\/www.caririemacao.com\/1\/wp-json\/wp\/v2\/posts\/155409\/revisions\/155412"}],"wp:featuredmedia":[{"embeddable":true,"href":"https:\/\/www.caririemacao.com\/1\/wp-json\/wp\/v2\/media\/155410"}],"wp:attachment":[{"href":"https:\/\/www.caririemacao.com\/1\/wp-json\/wp\/v2\/media?parent=155409"}],"wp:term":[{"taxonomy":"category","embeddable":true,"href":"https:\/\/www.caririemacao.com\/1\/wp-json\/wp\/v2\/categories?post=155409"},{"taxonomy":"post_tag","embeddable":true,"href":"https:\/\/www.caririemacao.com\/1\/wp-json\/wp\/v2\/tags?post=155409"}],"curies":[{"name":"wp","href":"https:\/\/api.w.org\/{rel}","templated":true}]}}