{"id":155413,"date":"2020-02-27T07:23:14","date_gmt":"2020-02-27T10:23:14","guid":{"rendered":"http:\/\/www.caririemacao.com\/1\/?p=155413"},"modified":"2020-02-27T07:23:16","modified_gmt":"2020-02-27T10:23:16","slug":"mesmo-apos-fim-de-pensao-ex-governadores-da-pb-continuam-a-receber","status":"publish","type":"post","link":"https:\/\/www.caririemacao.com\/1\/2020\/02\/27\/mesmo-apos-fim-de-pensao-ex-governadores-da-pb-continuam-a-receber\/","title":{"rendered":"Mesmo ap\u00f3s fim de pens\u00e3o, ex-governadores da PB continuam a receber"},"content":{"rendered":"\n<p>Em 2018, o Supremo Tribunal Federal (STF) decretou, em julgamento ocorrido, o fim do pagamento de pens\u00f5es a ex-governadores e vi\u00favas de ex-governadores da Para\u00edba. O benef\u00edcio havia sido aprovado em 2006 pela Assembleia Legislativa e beneficiava atualmente seis ex-governadores e oito vi\u00favas de ex-gestores. A medida foi questionada pelo Conselho Federal da Ordem dos Advogados do Brasil (OAB) que ajuizou uma A\u00e7\u00e3o Direta de Inconstitucionalidade (ADI) para questionar a concess\u00e3o do benef\u00edcio que equivale \u00e0 remunera\u00e7\u00e3o do governador em exerc\u00edcio.<\/p>\n\n\n\n<p>A OAB tamb\u00e9m ajuizou ADIs semelhantes para contestar a constitucionalidade do pagamento de aposentadorias a ex-governadores dos estados do Par\u00e1, Acre, Amazonas, Rond\u00f4nia, Sergipe, Paran\u00e1, Rio Grande do Sul e Piau\u00ed. Ocorre que durante todo o ano de 2018 e 2019, segundo consta no portal do Tribunal de Contas do Estado (TCE-PB), todos os beneficiados continuam a receber seus vencimentos at\u00e9 dezembro de 2019.<\/p>\n\n\n\n<p>As folhas de pagamento referentes aos meses de 2020, ainda n\u00e3o constam no Sagres Online:&nbsp;<a href=\"https:\/\/sagres.tce.pb.gov.br\/estado_pessoal05.php?poder=1&amp;ano=2019&amp;competencia=122019&amp;descricao=Dezembro&amp;cargo=000001385&amp;cargonome=EX+GOVERNADOR&amp;tipo=PENSIONISTA&amp;orgao=PENSAO+DO+TESOURO\">https:\/\/sagres.tce.pb.gov.br\/estado_pessoal05.php?poder=1&amp;ano=2019&amp;competencia=122019&amp;descricao=Dezembro&amp;cargo=000001385&amp;cargonome=EX+GOVERNADOR&amp;tipo=PENSIONISTA&amp;orgao=PENSAO+DO+TESOURO<\/a><\/p>\n\n\n\n<p>Atualmente a pens\u00e3o \u00e9 pago aos ex-governadores Roberto Paulino, C\u00e1ssio Cunha Lima, C\u00edcero Lucena, Jos\u00e9 Maranh\u00e3o, Milton Cabral e Wilson Braga. Cada um recebe a quantia de R$ 23.500,82. Oito vi\u00favas de ex-governadores tamb\u00e9m recebem o benef\u00edcio que variam entre R$ 2.850,75 a R$ 12.661,75.<\/p>\n\n\n\n<p>Fonte: PBAgora<\/p>\n","protected":false},"excerpt":{"rendered":"<p>Em 2018, o Supremo Tribunal Federal (STF) decretou, em julgamento ocorrido, o fim do pagamento de pens\u00f5es a ex-governadores e vi\u00favas de ex-governadores da Para\u00edba.&hellip; <\/p>\n","protected":false},"author":2,"featured_media":155414,"comment_status":"closed","ping_status":"closed","sticky":false,"template":"","format":"standard","meta":{"sfsi_plus_gutenberg_text_before_share":"","sfsi_plus_gutenberg_show_text_before_share":"","sfsi_plus_gutenberg_icon_type":"","sfsi_plus_gutenberg_icon_alignemt":"","sfsi_plus_gutenburg_max_per_row":"","footnotes":""},"categories":[2],"tags":[],"class_list":["post-155413","post","type-post","status-publish","format-standard","has-post-thumbnail","hentry","category-geral"],"_links":{"self":[{"href":"https:\/\/www.caririemacao.com\/1\/wp-json\/wp\/v2\/posts\/155413","targetHints":{"allow":["GET"]}}],"collection":[{"href":"https:\/\/www.caririemacao.com\/1\/wp-json\/wp\/v2\/posts"}],"about":[{"href":"https:\/\/www.caririemacao.com\/1\/wp-json\/wp\/v2\/types\/post"}],"author":[{"embeddable":true,"href":"https:\/\/www.caririemacao.com\/1\/wp-json\/wp\/v2\/users\/2"}],"replies":[{"embeddable":true,"href":"https:\/\/www.caririemacao.com\/1\/wp-json\/wp\/v2\/comments?post=155413"}],"version-history":[{"count":1,"href":"https:\/\/www.caririemacao.com\/1\/wp-json\/wp\/v2\/posts\/155413\/revisions"}],"predecessor-version":[{"id":155415,"href":"https:\/\/www.caririemacao.com\/1\/wp-json\/wp\/v2\/posts\/155413\/revisions\/155415"}],"wp:featuredmedia":[{"embeddable":true,"href":"https:\/\/www.caririemacao.com\/1\/wp-json\/wp\/v2\/media\/155414"}],"wp:attachment":[{"href":"https:\/\/www.caririemacao.com\/1\/wp-json\/wp\/v2\/media?parent=155413"}],"wp:term":[{"taxonomy":"category","embeddable":true,"href":"https:\/\/www.caririemacao.com\/1\/wp-json\/wp\/v2\/categories?post=155413"},{"taxonomy":"post_tag","embeddable":true,"href":"https:\/\/www.caririemacao.com\/1\/wp-json\/wp\/v2\/tags?post=155413"}],"curies":[{"name":"wp","href":"https:\/\/api.w.org\/{rel}","templated":true}]}}