{"id":155420,"date":"2020-02-27T07:52:09","date_gmt":"2020-02-27T10:52:09","guid":{"rendered":"http:\/\/www.caririemacao.com\/1\/?p=155420"},"modified":"2020-02-27T07:52:11","modified_gmt":"2020-02-27T10:52:11","slug":"prefeitura-de-monteiro-realiza-pagamento-do-funcionalismo-nesta-quinta-e-sexta-feira","status":"publish","type":"post","link":"https:\/\/www.caririemacao.com\/1\/2020\/02\/27\/prefeitura-de-monteiro-realiza-pagamento-do-funcionalismo-nesta-quinta-e-sexta-feira\/","title":{"rendered":"Prefeitura de Monteiro realiza pagamento do funcionalismo nesta quinta e sexta-feira"},"content":{"rendered":"\n<p>A Prefeitura Municipal de Monteiro j\u00e1 est\u00e1 realizando a libera\u00e7\u00e3o dos recursos destinados ao pagamento dos sal\u00e1rios dos servidores municipais referente ao m\u00eas de fevereiro.<\/p>\n\n\n\n<p>Nesta quinta-feira, 27, est\u00e3o sendo enviados ao Bradesco os valores da folha salarial dos aposentados, pensionistas e inativos. No dia seguinte ser\u00e3o liberados os recursos dos demais servidores para cr\u00e9dito na sexta-feira, dia 29.<\/p>\n\n\n\n<p>Ao todo a folha do municipalismo gira em torno de R$ 2,7 milh\u00f5es de reais, incluindo as gratifica\u00e7\u00f5es e horas que tiveram incorpora\u00e7\u00e3o aos sal\u00e1rios desde o m\u00eas passado, sendo assim o fruto do esfor\u00e7o e equil\u00edbrio financeiro do munic\u00edpio.<\/p>\n\n\n\n<p>Para a prefeita Anna Lorena, o pagamento da folha de pessoal do munic\u00edpio dentro do m\u00eas trabalhado \u00e9 um compromisso de sua gest\u00e3o.<\/p>\n","protected":false},"excerpt":{"rendered":"<p>A Prefeitura Municipal de Monteiro j\u00e1 est\u00e1 realizando a libera\u00e7\u00e3o dos recursos destinados ao pagamento dos sal\u00e1rios dos servidores municipais referente ao m\u00eas de fevereiro.&hellip; <\/p>\n","protected":false},"author":2,"featured_media":155421,"comment_status":"closed","ping_status":"closed","sticky":false,"template":"","format":"standard","meta":{"sfsi_plus_gutenberg_text_before_share":"","sfsi_plus_gutenberg_show_text_before_share":"","sfsi_plus_gutenberg_icon_type":"","sfsi_plus_gutenberg_icon_alignemt":"","sfsi_plus_gutenburg_max_per_row":"","footnotes":""},"categories":[50,2],"tags":[],"class_list":["post-155420","post","type-post","status-publish","format-standard","has-post-thumbnail","hentry","category-destaque","category-geral"],"_links":{"self":[{"href":"https:\/\/www.caririemacao.com\/1\/wp-json\/wp\/v2\/posts\/155420","targetHints":{"allow":["GET"]}}],"collection":[{"href":"https:\/\/www.caririemacao.com\/1\/wp-json\/wp\/v2\/posts"}],"about":[{"href":"https:\/\/www.caririemacao.com\/1\/wp-json\/wp\/v2\/types\/post"}],"author":[{"embeddable":true,"href":"https:\/\/www.caririemacao.com\/1\/wp-json\/wp\/v2\/users\/2"}],"replies":[{"embeddable":true,"href":"https:\/\/www.caririemacao.com\/1\/wp-json\/wp\/v2\/comments?post=155420"}],"version-history":[{"count":1,"href":"https:\/\/www.caririemacao.com\/1\/wp-json\/wp\/v2\/posts\/155420\/revisions"}],"predecessor-version":[{"id":155422,"href":"https:\/\/www.caririemacao.com\/1\/wp-json\/wp\/v2\/posts\/155420\/revisions\/155422"}],"wp:featuredmedia":[{"embeddable":true,"href":"https:\/\/www.caririemacao.com\/1\/wp-json\/wp\/v2\/media\/155421"}],"wp:attachment":[{"href":"https:\/\/www.caririemacao.com\/1\/wp-json\/wp\/v2\/media?parent=155420"}],"wp:term":[{"taxonomy":"category","embeddable":true,"href":"https:\/\/www.caririemacao.com\/1\/wp-json\/wp\/v2\/categories?post=155420"},{"taxonomy":"post_tag","embeddable":true,"href":"https:\/\/www.caririemacao.com\/1\/wp-json\/wp\/v2\/tags?post=155420"}],"curies":[{"name":"wp","href":"https:\/\/api.w.org\/{rel}","templated":true}]}}