{"id":155423,"date":"2020-02-27T08:27:07","date_gmt":"2020-02-27T11:27:07","guid":{"rendered":"http:\/\/www.caririemacao.com\/1\/?p=155423"},"modified":"2020-02-27T08:27:09","modified_gmt":"2020-02-27T11:27:09","slug":"pipas-abastecem-394-cisternas-em-monteiro-levando-15-milhao-de-litros-dagua-pra-zona-rural","status":"publish","type":"post","link":"https:\/\/www.caririemacao.com\/1\/2020\/02\/27\/pipas-abastecem-394-cisternas-em-monteiro-levando-15-milhao-de-litros-dagua-pra-zona-rural\/","title":{"rendered":"Pipas abastecem 394 Cisternas em Monteiro levando 1,5 milh\u00e3o de litros d\u2019\u00e1gua pra zona rural"},"content":{"rendered":"\n<p>A Secretaria de Agricultura Meio Ambiente e Desenvolvimento Sustent\u00e1vel de Monteiro encaminhou ao gabinete da Prefeita Anna Lorena, o relat\u00f3rio das a\u00e7\u00f5es executadas no m\u00eas de Janeiro, dentro do programa \u201cMais \u00c1gua no Campo\u201d.<\/p>\n\n\n\n<p>Mesmo com as chuvas irregulares e com uma distribui\u00e7\u00e3o pluviom\u00e9trica diversa, a prefeitura contratou mais um caminh\u00e3o pipa para melhorar o atendimento. O programa garantiu, somente no m\u00eas de Janeiro, fornecimento de \u00e1gua para consumo humano, atrav\u00e9s do abastecimento de 394 cisternas, nas zonas urbana e rural do munic\u00edpio, beneficiando diretamente 14.809 pessoas que s\u00e3o atendidas mensalmente pelos carros pipa cadastrados na Opera\u00e7\u00e3o Pipa e pelo carro pipa do PAC.<\/p>\n\n\n\n<p>Somente no m\u00eas de Janeiro, as a\u00e7\u00f5es conjuntas dos carros pipa da prefeitura, juntamente com os carros da Opera\u00e7\u00e3o Pipa do Exercito Brasileiro, abasteceram 394 cisternas de placa, beneficiando diretamente certa de 14.809 pessoas que residem na zona rural do munic\u00edpio nas comunidades do Angiquinho, Assentamento dos 10, Balan\u00e7a, Barragem, Bredos, Cacimba de cima, Cacimbinha, Campo de avia\u00e7\u00e3o, Comunidade, Curral do gado, Curupaiti, Espir\u00edto santo, Extrema, Fazenda nova, Gabriel, Jabitaca, Lagoa de santa catarina, Moco de baixo, Monteiro, Morcego, Mulungu, Mutir\u00e3o, Olho dagua, Olho dagua do silva, Pernambuquinho, Picos, Pitombeira, Posto fiscal, Psf4, Queimadas, Riacho da cruz, Rua da papa, Ruzil, Santana, Serrote, Serrote de baixo, S\u00edtio do meio, Tamandua, Tingui, Tung\u00e3o e Vila lafayette.<br><\/p>\n","protected":false},"excerpt":{"rendered":"<p>A Secretaria de Agricultura Meio Ambiente e Desenvolvimento Sustent\u00e1vel de Monteiro encaminhou ao gabinete da Prefeita Anna Lorena, o relat\u00f3rio das a\u00e7\u00f5es executadas no m\u00eas&hellip; <\/p>\n","protected":false},"author":2,"featured_media":155424,"comment_status":"closed","ping_status":"closed","sticky":false,"template":"","format":"standard","meta":{"sfsi_plus_gutenberg_text_before_share":"","sfsi_plus_gutenberg_show_text_before_share":"","sfsi_plus_gutenberg_icon_type":"","sfsi_plus_gutenberg_icon_alignemt":"","sfsi_plus_gutenburg_max_per_row":"","footnotes":""},"categories":[2],"tags":[],"class_list":["post-155423","post","type-post","status-publish","format-standard","has-post-thumbnail","hentry","category-geral"],"_links":{"self":[{"href":"https:\/\/www.caririemacao.com\/1\/wp-json\/wp\/v2\/posts\/155423","targetHints":{"allow":["GET"]}}],"collection":[{"href":"https:\/\/www.caririemacao.com\/1\/wp-json\/wp\/v2\/posts"}],"about":[{"href":"https:\/\/www.caririemacao.com\/1\/wp-json\/wp\/v2\/types\/post"}],"author":[{"embeddable":true,"href":"https:\/\/www.caririemacao.com\/1\/wp-json\/wp\/v2\/users\/2"}],"replies":[{"embeddable":true,"href":"https:\/\/www.caririemacao.com\/1\/wp-json\/wp\/v2\/comments?post=155423"}],"version-history":[{"count":1,"href":"https:\/\/www.caririemacao.com\/1\/wp-json\/wp\/v2\/posts\/155423\/revisions"}],"predecessor-version":[{"id":155425,"href":"https:\/\/www.caririemacao.com\/1\/wp-json\/wp\/v2\/posts\/155423\/revisions\/155425"}],"wp:featuredmedia":[{"embeddable":true,"href":"https:\/\/www.caririemacao.com\/1\/wp-json\/wp\/v2\/media\/155424"}],"wp:attachment":[{"href":"https:\/\/www.caririemacao.com\/1\/wp-json\/wp\/v2\/media?parent=155423"}],"wp:term":[{"taxonomy":"category","embeddable":true,"href":"https:\/\/www.caririemacao.com\/1\/wp-json\/wp\/v2\/categories?post=155423"},{"taxonomy":"post_tag","embeddable":true,"href":"https:\/\/www.caririemacao.com\/1\/wp-json\/wp\/v2\/tags?post=155423"}],"curies":[{"name":"wp","href":"https:\/\/api.w.org\/{rel}","templated":true}]}}