{"id":155426,"date":"2020-02-27T08:28:56","date_gmt":"2020-02-27T11:28:56","guid":{"rendered":"http:\/\/www.caririemacao.com\/1\/?p=155426"},"modified":"2020-02-27T08:28:59","modified_gmt":"2020-02-27T11:28:59","slug":"weintraub-divulga-escolas-civico-militares-para-2020","status":"publish","type":"post","link":"https:\/\/www.caririemacao.com\/1\/2020\/02\/27\/weintraub-divulga-escolas-civico-militares-para-2020\/","title":{"rendered":"Weintraub divulga escolas c\u00edvico-militares para 2020"},"content":{"rendered":"\n<p>O ministro da Educa\u00e7\u00e3o, Abraham Weintraub, divulgou a rela\u00e7\u00e3o de escolas selecionadas para participar do programa de escolas c\u00edvico-militares. A divulga\u00e7\u00e3o foi feita na tarde de hoje (26), pelo Twitter pessoal do ministro. S\u00e3o 54 escolas de 22 estados e do Distrito Federal. Os estados que mais ter\u00e3o escolas c\u00edvico-militares s\u00e3o Rio Grande do Sul e Par\u00e1, ambos com cinco escolas.<\/p>\n\n\n\n<p>A implementa\u00e7\u00e3o do modelo ocorrer\u00e1 ao longo do ano, em edi\u00e7\u00e3o piloto. Al\u00e9m das escolas no Rio Grande do Sul e no Par\u00e1, ser\u00e3o quatro escolas em Santa Catarina, Paran\u00e1 e Goi\u00e1s; tr\u00eas em Minas Gerais, Amazonas, Mato Grosso do Sul e Tocantins; duas no Acre, Amap\u00e1, Roraima, Cear\u00e1, Distrito Federal e Mato Grosso; e uma em Rond\u00f4nia, Rio de Janeiro, Maranh\u00e3o, Para\u00edba, Bahia, Pernambuco, Rio Grande do Norte e S\u00e3o Paulo.<\/p>\n\n\n\n<p>Policiais e bombeiros militares foram capacitados para trabalhar nas escolas. Na&nbsp;<a href=\"https:\/\/agenciabrasil.ebc.com.br\/educacao\/noticia\/2019-12\/mec-completa-primeira-capacitacao-para-escolas-civico-militares\" target=\"_blank\" rel=\"noreferrer noopener\">primeira rodada<\/a>&nbsp;de capacita\u00e7\u00e3o, realizada em dezembro, em Bras\u00edlia, o trabalho envolveu diretores e coordenadores de escolas, al\u00e9m de representantes de secretarias estaduais e municipais de Educa\u00e7\u00e3o que v\u00e3o atuar como multiplicadores. A segunda rodada ocorreu neste m\u00eas, em Porto Alegre (RS). Foram capacitados 54 oficiais da reserva e da ativa das pol\u00edcias e bombeiros militares e 17 profissionais das secretarias de Educa\u00e7\u00e3o.<\/p>\n\n\n\n<p>O Programa Nacional das Escolas C\u00edvico-Militares \u00e9 uma parceria do MEC com o Minist\u00e9rio da Defesa. Cerca de mil militares da reserva das For\u00e7as Armadas, policiais e bombeiros militares v\u00e3o participar da gest\u00e3o educacional das institui\u00e7\u00f5es. O MEC destinar\u00e1 R$ 54 milh\u00f5es para levar a gest\u00e3o de excel\u00eancia c\u00edvico-militar para 54 escolas, sendo R$ 1 milh\u00e3o por institui\u00e7\u00e3o de ensino.<\/p>\n","protected":false},"excerpt":{"rendered":"<p>O ministro da Educa\u00e7\u00e3o, Abraham Weintraub, divulgou a rela\u00e7\u00e3o de escolas selecionadas para participar do programa de escolas c\u00edvico-militares. A divulga\u00e7\u00e3o foi feita na tarde&hellip; <\/p>\n","protected":false},"author":2,"featured_media":155427,"comment_status":"closed","ping_status":"closed","sticky":false,"template":"","format":"standard","meta":{"sfsi_plus_gutenberg_text_before_share":"","sfsi_plus_gutenberg_show_text_before_share":"","sfsi_plus_gutenberg_icon_type":"","sfsi_plus_gutenberg_icon_alignemt":"","sfsi_plus_gutenburg_max_per_row":"","footnotes":""},"categories":[2],"tags":[],"class_list":["post-155426","post","type-post","status-publish","format-standard","has-post-thumbnail","hentry","category-geral"],"_links":{"self":[{"href":"https:\/\/www.caririemacao.com\/1\/wp-json\/wp\/v2\/posts\/155426","targetHints":{"allow":["GET"]}}],"collection":[{"href":"https:\/\/www.caririemacao.com\/1\/wp-json\/wp\/v2\/posts"}],"about":[{"href":"https:\/\/www.caririemacao.com\/1\/wp-json\/wp\/v2\/types\/post"}],"author":[{"embeddable":true,"href":"https:\/\/www.caririemacao.com\/1\/wp-json\/wp\/v2\/users\/2"}],"replies":[{"embeddable":true,"href":"https:\/\/www.caririemacao.com\/1\/wp-json\/wp\/v2\/comments?post=155426"}],"version-history":[{"count":1,"href":"https:\/\/www.caririemacao.com\/1\/wp-json\/wp\/v2\/posts\/155426\/revisions"}],"predecessor-version":[{"id":155428,"href":"https:\/\/www.caririemacao.com\/1\/wp-json\/wp\/v2\/posts\/155426\/revisions\/155428"}],"wp:featuredmedia":[{"embeddable":true,"href":"https:\/\/www.caririemacao.com\/1\/wp-json\/wp\/v2\/media\/155427"}],"wp:attachment":[{"href":"https:\/\/www.caririemacao.com\/1\/wp-json\/wp\/v2\/media?parent=155426"}],"wp:term":[{"taxonomy":"category","embeddable":true,"href":"https:\/\/www.caririemacao.com\/1\/wp-json\/wp\/v2\/categories?post=155426"},{"taxonomy":"post_tag","embeddable":true,"href":"https:\/\/www.caririemacao.com\/1\/wp-json\/wp\/v2\/tags?post=155426"}],"curies":[{"name":"wp","href":"https:\/\/api.w.org\/{rel}","templated":true}]}}