{"id":155431,"date":"2020-02-27T08:32:24","date_gmt":"2020-02-27T11:32:24","guid":{"rendered":"http:\/\/www.caririemacao.com\/1\/?p=155431"},"modified":"2020-02-27T08:32:26","modified_gmt":"2020-02-27T11:32:26","slug":"ricardo-vital-determina-uso-de-tornozeleira-eletronica-para-mais-tres-investigados-da-calvario","status":"publish","type":"post","link":"https:\/\/www.caririemacao.com\/1\/2020\/02\/27\/ricardo-vital-determina-uso-de-tornozeleira-eletronica-para-mais-tres-investigados-da-calvario\/","title":{"rendered":"Ricardo Vital determina uso de tornozeleira eletr\u00f4nica para mais tr\u00eas investigados da Calv\u00e1rio"},"content":{"rendered":"\n<p>O desembargador Ricardo Vital de Almeida, relator da Opera\u00e7\u00e3o Calv\u00e1rio no Tribunal de Justi\u00e7a da Para\u00edba, determinou, nesta quarta-feira (26), o uso de tornozeleira eletr\u00f4nica pelo ex-secret\u00e1rio de Planejamento do Estado, Waldson Dias de Souza, bem como o recolhimento domiciliar noturno, no endere\u00e7o residencial, das 20h at\u00e9 as 5h. As mesmas medidas ser\u00e3o aplicadas aos investigados Denise Krummenaur Pahim e Jos\u00e9 Arthur Viana Teixeira.&nbsp;<\/p>\n\n\n\n<p>Os tr\u00eas foram beneficiados com a concess\u00e3o de Habeas Corpus pela ministra Laurita Vaz, do Superior Tribunal de Justi\u00e7a (STJ), que tamb\u00e9m aplicou outras medidas cautelares, tais como comparecimento peri\u00f3dico em Ju\u00edzo; proibi\u00e7\u00e3o de manter contato com os demais investigados; proibi\u00e7\u00e3o de se ausentar da comarca domiciliar, sem pr\u00e9via e expressa autoriza\u00e7\u00e3o do Ju\u00edzo; afastamento da atividade de natureza econ\u00f4mica\/financeira que exercia com o Estado da Para\u00edba e o munic\u00edpio de Jo\u00e3o Pessoa, que tenha qualquer rela\u00e7\u00e3o com os fatos apurados e proibi\u00e7\u00e3o do exerc\u00edcio de cargo ou fun\u00e7\u00e3o p\u00fablica no Estado da Para\u00edba e respectivos munic\u00edpios<\/p>\n","protected":false},"excerpt":{"rendered":"<p>O desembargador Ricardo Vital de Almeida, relator da Opera\u00e7\u00e3o Calv\u00e1rio no Tribunal de Justi\u00e7a da Para\u00edba, determinou, nesta quarta-feira (26), o uso de tornozeleira eletr\u00f4nica&hellip; <\/p>\n","protected":false},"author":2,"featured_media":153077,"comment_status":"closed","ping_status":"closed","sticky":false,"template":"","format":"standard","meta":{"sfsi_plus_gutenberg_text_before_share":"","sfsi_plus_gutenberg_show_text_before_share":"","sfsi_plus_gutenberg_icon_type":"","sfsi_plus_gutenberg_icon_alignemt":"","sfsi_plus_gutenburg_max_per_row":"","footnotes":""},"categories":[2],"tags":[],"class_list":["post-155431","post","type-post","status-publish","format-standard","has-post-thumbnail","hentry","category-geral"],"_links":{"self":[{"href":"https:\/\/www.caririemacao.com\/1\/wp-json\/wp\/v2\/posts\/155431","targetHints":{"allow":["GET"]}}],"collection":[{"href":"https:\/\/www.caririemacao.com\/1\/wp-json\/wp\/v2\/posts"}],"about":[{"href":"https:\/\/www.caririemacao.com\/1\/wp-json\/wp\/v2\/types\/post"}],"author":[{"embeddable":true,"href":"https:\/\/www.caririemacao.com\/1\/wp-json\/wp\/v2\/users\/2"}],"replies":[{"embeddable":true,"href":"https:\/\/www.caririemacao.com\/1\/wp-json\/wp\/v2\/comments?post=155431"}],"version-history":[{"count":1,"href":"https:\/\/www.caririemacao.com\/1\/wp-json\/wp\/v2\/posts\/155431\/revisions"}],"predecessor-version":[{"id":155432,"href":"https:\/\/www.caririemacao.com\/1\/wp-json\/wp\/v2\/posts\/155431\/revisions\/155432"}],"wp:featuredmedia":[{"embeddable":true,"href":"https:\/\/www.caririemacao.com\/1\/wp-json\/wp\/v2\/media\/153077"}],"wp:attachment":[{"href":"https:\/\/www.caririemacao.com\/1\/wp-json\/wp\/v2\/media?parent=155431"}],"wp:term":[{"taxonomy":"category","embeddable":true,"href":"https:\/\/www.caririemacao.com\/1\/wp-json\/wp\/v2\/categories?post=155431"},{"taxonomy":"post_tag","embeddable":true,"href":"https:\/\/www.caririemacao.com\/1\/wp-json\/wp\/v2\/tags?post=155431"}],"curies":[{"name":"wp","href":"https:\/\/api.w.org\/{rel}","templated":true}]}}