{"id":155435,"date":"2020-02-27T08:33:50","date_gmt":"2020-02-27T11:33:50","guid":{"rendered":"http:\/\/www.caririemacao.com\/1\/?p=155435"},"modified":"2020-02-27T08:33:51","modified_gmt":"2020-02-27T11:33:51","slug":"coronavirus-comite-dos-jogos-olimpicos-prepara-medidas","status":"publish","type":"post","link":"https:\/\/www.caririemacao.com\/1\/2020\/02\/27\/coronavirus-comite-dos-jogos-olimpicos-prepara-medidas\/","title":{"rendered":"Coronav\u00edrus: Comit\u00ea dos Jogos Ol\u00edmpicos prepara medidas"},"content":{"rendered":"\n<p>O comit\u00ea organizador dos Jogos Ol\u00edmpicos e Paral\u00edmpicos de T\u00f3quio informou&nbsp; que n\u00e3o deu in\u00edcio a nenhuma discuss\u00e3o a respeito de suspender ou adiar a realiza\u00e7\u00e3o dos eventos devido ao surto do novo coronav\u00edrus.<\/p>\n\n\n\n<p>Nessa quarta-feira (26), Toshiro Muto, diretor-geral do comit\u00ea, afirmou \u00e0 imprensa em T\u00f3quio que a primeira medida ser\u00e1 a prepara\u00e7\u00e3o de um ambiente seguro para a realiza\u00e7\u00e3o dos jogos. A declara\u00e7\u00e3o foi dada no mesmo dia em que o governo pediu que grandes aglomera\u00e7\u00f5es fossem canceladas ou realizadas em menor escala, incluindo eventos esportivos e culturais, por cerca de duas semanas.<\/p>\n\n\n\n<p>Muto afirmou que o comit\u00ea vai decidir se realizar\u00e1 ou n\u00e3o os eventos pr\u00e9-ol\u00edmpicos programados, ap\u00f3s analisar a sua necessidade para os jogos.<\/p>\n\n\n\n<p>Acrescentou que o comit\u00ea j\u00e1 definiu diretrizes para que, quando os eventos forem realizados, os participantes saibam que medidas preventivas devem tomar, como por exemplo, lavar as m\u00e3os. Produtos desinfetantes ser\u00e3o oferecidos e qualquer pessoa que apresente sintomas tais como febre ou tosse, e ela ser\u00e1 aconselhada a n\u00e3o participar dos eventos.<\/p>\n\n\n\n<p>O revezamento da tocha ol\u00edmpica est\u00e1 marcado para come\u00e7ar no dia 26 de mar\u00e7o. A expectativa \u00e9 de que o evento atraia grande n\u00famero de espectadores. Muto afirmou que o comit\u00ea vai discutir a realiza\u00e7\u00e3o do evento em menor escala, e que deve tamb\u00e9m implementar medidas para permitir que a passagem da tocha aconte\u00e7a, ao mesmo tempo em que se tenta conter a dissemina\u00e7\u00e3o do v\u00edrus.<\/p>\n","protected":false},"excerpt":{"rendered":"<p>O comit\u00ea organizador dos Jogos Ol\u00edmpicos e Paral\u00edmpicos de T\u00f3quio informou&nbsp; que n\u00e3o deu in\u00edcio a nenhuma discuss\u00e3o a respeito de suspender ou adiar a&hellip; <\/p>\n","protected":false},"author":2,"featured_media":155436,"comment_status":"closed","ping_status":"closed","sticky":false,"template":"","format":"standard","meta":{"sfsi_plus_gutenberg_text_before_share":"","sfsi_plus_gutenberg_show_text_before_share":"","sfsi_plus_gutenberg_icon_type":"","sfsi_plus_gutenberg_icon_alignemt":"","sfsi_plus_gutenburg_max_per_row":"","footnotes":""},"categories":[2],"tags":[],"class_list":["post-155435","post","type-post","status-publish","format-standard","has-post-thumbnail","hentry","category-geral"],"_links":{"self":[{"href":"https:\/\/www.caririemacao.com\/1\/wp-json\/wp\/v2\/posts\/155435","targetHints":{"allow":["GET"]}}],"collection":[{"href":"https:\/\/www.caririemacao.com\/1\/wp-json\/wp\/v2\/posts"}],"about":[{"href":"https:\/\/www.caririemacao.com\/1\/wp-json\/wp\/v2\/types\/post"}],"author":[{"embeddable":true,"href":"https:\/\/www.caririemacao.com\/1\/wp-json\/wp\/v2\/users\/2"}],"replies":[{"embeddable":true,"href":"https:\/\/www.caririemacao.com\/1\/wp-json\/wp\/v2\/comments?post=155435"}],"version-history":[{"count":1,"href":"https:\/\/www.caririemacao.com\/1\/wp-json\/wp\/v2\/posts\/155435\/revisions"}],"predecessor-version":[{"id":155437,"href":"https:\/\/www.caririemacao.com\/1\/wp-json\/wp\/v2\/posts\/155435\/revisions\/155437"}],"wp:featuredmedia":[{"embeddable":true,"href":"https:\/\/www.caririemacao.com\/1\/wp-json\/wp\/v2\/media\/155436"}],"wp:attachment":[{"href":"https:\/\/www.caririemacao.com\/1\/wp-json\/wp\/v2\/media?parent=155435"}],"wp:term":[{"taxonomy":"category","embeddable":true,"href":"https:\/\/www.caririemacao.com\/1\/wp-json\/wp\/v2\/categories?post=155435"},{"taxonomy":"post_tag","embeddable":true,"href":"https:\/\/www.caririemacao.com\/1\/wp-json\/wp\/v2\/tags?post=155435"}],"curies":[{"name":"wp","href":"https:\/\/api.w.org\/{rel}","templated":true}]}}