{"id":155438,"date":"2020-02-27T09:30:15","date_gmt":"2020-02-27T12:30:15","guid":{"rendered":"http:\/\/www.caririemacao.com\/1\/?p=155438"},"modified":"2020-02-27T09:30:17","modified_gmt":"2020-02-27T12:30:17","slug":"prefeitura-de-prata-em-conjunto-com-der-recupera-erosao-da-rodovia-antonio-mariz-pb-250","status":"publish","type":"post","link":"https:\/\/www.caririemacao.com\/1\/2020\/02\/27\/prefeitura-de-prata-em-conjunto-com-der-recupera-erosao-da-rodovia-antonio-mariz-pb-250\/","title":{"rendered":"Prefeitura de Prata em conjunto com DER recupera eros\u00e3o da Rodovia Antonio Mariz (PB 250)"},"content":{"rendered":"\n<p>A prefeitura Municipal de Prata em conjunto com o DER ( Departamento de Estrada e Rodagem) , recuperou hoje na Rodovia Antonio Mariz (PB 250), grandes eros\u00f5es que estavam dando riscos aos motoristas do munic\u00edpio de Prata.<br>O prefeito Junior N\u00f3brega enfatiza a import\u00e2ncia da manuten\u00e7\u00e3o das estradas, principalmente no que tange a minimizar os riscos de acidentes. \u201cA qualidade das rodovias \u00e9 primordial para a diminui\u00e7\u00e3o dos \u00edndices de acidentes de tr\u00e2nsito.<br>Com PORTALCARIRIPB<\/p>\n","protected":false},"excerpt":{"rendered":"<p>A prefeitura Municipal de Prata em conjunto com o DER ( Departamento de Estrada e Rodagem) , recuperou hoje na Rodovia Antonio Mariz (PB 250),&hellip; <\/p>\n","protected":false},"author":2,"featured_media":155440,"comment_status":"closed","ping_status":"closed","sticky":false,"template":"","format":"standard","meta":{"sfsi_plus_gutenberg_text_before_share":"","sfsi_plus_gutenberg_show_text_before_share":"","sfsi_plus_gutenberg_icon_type":"","sfsi_plus_gutenberg_icon_alignemt":"","sfsi_plus_gutenburg_max_per_row":"","footnotes":""},"categories":[2],"tags":[],"class_list":["post-155438","post","type-post","status-publish","format-standard","has-post-thumbnail","hentry","category-geral"],"_links":{"self":[{"href":"https:\/\/www.caririemacao.com\/1\/wp-json\/wp\/v2\/posts\/155438","targetHints":{"allow":["GET"]}}],"collection":[{"href":"https:\/\/www.caririemacao.com\/1\/wp-json\/wp\/v2\/posts"}],"about":[{"href":"https:\/\/www.caririemacao.com\/1\/wp-json\/wp\/v2\/types\/post"}],"author":[{"embeddable":true,"href":"https:\/\/www.caririemacao.com\/1\/wp-json\/wp\/v2\/users\/2"}],"replies":[{"embeddable":true,"href":"https:\/\/www.caririemacao.com\/1\/wp-json\/wp\/v2\/comments?post=155438"}],"version-history":[{"count":1,"href":"https:\/\/www.caririemacao.com\/1\/wp-json\/wp\/v2\/posts\/155438\/revisions"}],"predecessor-version":[{"id":155441,"href":"https:\/\/www.caririemacao.com\/1\/wp-json\/wp\/v2\/posts\/155438\/revisions\/155441"}],"wp:featuredmedia":[{"embeddable":true,"href":"https:\/\/www.caririemacao.com\/1\/wp-json\/wp\/v2\/media\/155440"}],"wp:attachment":[{"href":"https:\/\/www.caririemacao.com\/1\/wp-json\/wp\/v2\/media?parent=155438"}],"wp:term":[{"taxonomy":"category","embeddable":true,"href":"https:\/\/www.caririemacao.com\/1\/wp-json\/wp\/v2\/categories?post=155438"},{"taxonomy":"post_tag","embeddable":true,"href":"https:\/\/www.caririemacao.com\/1\/wp-json\/wp\/v2\/tags?post=155438"}],"curies":[{"name":"wp","href":"https:\/\/api.w.org\/{rel}","templated":true}]}}