{"id":155442,"date":"2020-02-27T09:32:26","date_gmt":"2020-02-27T12:32:26","guid":{"rendered":"http:\/\/www.caririemacao.com\/1\/?p=155442"},"modified":"2020-02-27T09:32:28","modified_gmt":"2020-02-27T12:32:28","slug":"prefeitura-de-prata-continua-reposicao-na-zona-rural-e-urbana","status":"publish","type":"post","link":"https:\/\/www.caririemacao.com\/1\/2020\/02\/27\/prefeitura-de-prata-continua-reposicao-na-zona-rural-e-urbana\/","title":{"rendered":"Prefeitura de Prata continua reposi\u00e7\u00e3o na zona rural e urbana"},"content":{"rendered":"\n<p>A prefeitura municipal de Prata\u00a0\u00a0esta realizando a substitui\u00e7\u00e3o de l\u00e2mpadas queimadas nos postes da zona rural e urbana da cidade, bem como a substitui\u00e7\u00e3o de reatores, em alguns casos \u00e9 realizado a instala\u00e7\u00e3o completa do kit de Ilumina\u00e7\u00e3o<br>Buscando sempre melhorar a qualidade de vida dos pratenses\u00a0\u00a0investimentos est\u00e3o sendo realizados na compra de novas l\u00e2mpadas e outros materiais el\u00e9tricos.\u00a0<br>Outros investimentos ser\u00e3o realizados nos pr\u00f3ximos meses afirmou o prefeito da cidade, Junior N\u00f3brega<\/p>\n\n\n\n<p>F\u00e1bio Brito<\/p>\n","protected":false},"excerpt":{"rendered":"<p>A prefeitura municipal de Prata\u00a0\u00a0esta realizando a substitui\u00e7\u00e3o de l\u00e2mpadas queimadas nos postes da zona rural e urbana da cidade, bem como a substitui\u00e7\u00e3o de&hellip; <\/p>\n","protected":false},"author":2,"featured_media":155443,"comment_status":"closed","ping_status":"closed","sticky":false,"template":"","format":"standard","meta":{"sfsi_plus_gutenberg_text_before_share":"","sfsi_plus_gutenberg_show_text_before_share":"","sfsi_plus_gutenberg_icon_type":"","sfsi_plus_gutenberg_icon_alignemt":"","sfsi_plus_gutenburg_max_per_row":"","footnotes":""},"categories":[2],"tags":[],"class_list":["post-155442","post","type-post","status-publish","format-standard","has-post-thumbnail","hentry","category-geral"],"_links":{"self":[{"href":"https:\/\/www.caririemacao.com\/1\/wp-json\/wp\/v2\/posts\/155442","targetHints":{"allow":["GET"]}}],"collection":[{"href":"https:\/\/www.caririemacao.com\/1\/wp-json\/wp\/v2\/posts"}],"about":[{"href":"https:\/\/www.caririemacao.com\/1\/wp-json\/wp\/v2\/types\/post"}],"author":[{"embeddable":true,"href":"https:\/\/www.caririemacao.com\/1\/wp-json\/wp\/v2\/users\/2"}],"replies":[{"embeddable":true,"href":"https:\/\/www.caririemacao.com\/1\/wp-json\/wp\/v2\/comments?post=155442"}],"version-history":[{"count":1,"href":"https:\/\/www.caririemacao.com\/1\/wp-json\/wp\/v2\/posts\/155442\/revisions"}],"predecessor-version":[{"id":155444,"href":"https:\/\/www.caririemacao.com\/1\/wp-json\/wp\/v2\/posts\/155442\/revisions\/155444"}],"wp:featuredmedia":[{"embeddable":true,"href":"https:\/\/www.caririemacao.com\/1\/wp-json\/wp\/v2\/media\/155443"}],"wp:attachment":[{"href":"https:\/\/www.caririemacao.com\/1\/wp-json\/wp\/v2\/media?parent=155442"}],"wp:term":[{"taxonomy":"category","embeddable":true,"href":"https:\/\/www.caririemacao.com\/1\/wp-json\/wp\/v2\/categories?post=155442"},{"taxonomy":"post_tag","embeddable":true,"href":"https:\/\/www.caririemacao.com\/1\/wp-json\/wp\/v2\/tags?post=155442"}],"curies":[{"name":"wp","href":"https:\/\/api.w.org\/{rel}","templated":true}]}}