{"id":155449,"date":"2020-02-27T09:37:21","date_gmt":"2020-02-27T12:37:21","guid":{"rendered":"http:\/\/www.caririemacao.com\/1\/?p=155449"},"modified":"2020-02-27T09:37:23","modified_gmt":"2020-02-27T12:37:23","slug":"sucesso-do-carnaval-solidario-reforca-prestigio-do-prefeito-sandro-moco-em-vespera-de-eleicoes","status":"publish","type":"post","link":"https:\/\/www.caririemacao.com\/1\/2020\/02\/27\/sucesso-do-carnaval-solidario-reforca-prestigio-do-prefeito-sandro-moco-em-vespera-de-eleicoes\/","title":{"rendered":"Sucesso do carnaval Solid\u00e1rio refor\u00e7a prest\u00edgio do Prefeito Sandro M\u00f4co em v\u00e9spera de elei\u00e7\u00f5es"},"content":{"rendered":"\n<p>O sucesso absoluto que foi o Carnaval Solid\u00e1rio edi\u00e7\u00e3o 2020, na cidade de Camala\u00fa refor\u00e7a o prest\u00edgio e atesta a compet\u00eancia administrativa do atual gestor Sandro M\u00f4co no munic\u00edpio.<br>Sandro coordenou e, muitas vezes cuidou pessoalmente de cada detalhe que colaborou com o sucesso da festa, desde a limpeza p\u00fablica, passando por ornamenta\u00e7\u00e3o, defini\u00e7\u00e3o das atra\u00e7\u00f5es e todo o resto.<br>De forma unanime, os camalauenses presentes ao evento reconheceram a qualidade do servi\u00e7o executado pelo gestor e sua equipe, e a grandiosidade do resultado obtido.<br>Resultado este que pode muito bem se refletir nas urnas, j\u00e1 que nas \u00faltimas pesquisas de opini\u00e3o p\u00fablica realizadas por diferentes meios de comunica\u00e7\u00e3o do Cariri, os \u00edndices de aprova\u00e7\u00e3o da gest\u00e3o de Sandro M\u00f4co s\u00e3o inigual\u00e1veis.<br>Agora \u00e9 tocar a administra\u00e7\u00e3o municipal como vem fazendo nos \u00faltimos 03 anos, nos outros aspectos administrativos, cuidando bem da sa\u00fade, educa\u00e7\u00e3o, infraestruturura, zona rural, buscando parcerias, realizando obras e colocando a m\u00e3o na massa como gosta de fazer, que a vit\u00f3ria do atual gestor nas urnas em Outubro de desenrolar\u00e1 de forma natural.<br><strong>F\u00c1BIO BRITO&nbsp;<\/strong><\/p>\n","protected":false},"excerpt":{"rendered":"<p>O sucesso absoluto que foi o Carnaval Solid\u00e1rio edi\u00e7\u00e3o 2020, na cidade de Camala\u00fa refor\u00e7a o prest\u00edgio e atesta a compet\u00eancia administrativa do atual gestor&hellip; <\/p>\n","protected":false},"author":2,"featured_media":155450,"comment_status":"closed","ping_status":"closed","sticky":false,"template":"","format":"standard","meta":{"sfsi_plus_gutenberg_text_before_share":"","sfsi_plus_gutenberg_show_text_before_share":"","sfsi_plus_gutenberg_icon_type":"","sfsi_plus_gutenberg_icon_alignemt":"","sfsi_plus_gutenburg_max_per_row":"","footnotes":""},"categories":[2],"tags":[],"class_list":["post-155449","post","type-post","status-publish","format-standard","has-post-thumbnail","hentry","category-geral"],"_links":{"self":[{"href":"https:\/\/www.caririemacao.com\/1\/wp-json\/wp\/v2\/posts\/155449","targetHints":{"allow":["GET"]}}],"collection":[{"href":"https:\/\/www.caririemacao.com\/1\/wp-json\/wp\/v2\/posts"}],"about":[{"href":"https:\/\/www.caririemacao.com\/1\/wp-json\/wp\/v2\/types\/post"}],"author":[{"embeddable":true,"href":"https:\/\/www.caririemacao.com\/1\/wp-json\/wp\/v2\/users\/2"}],"replies":[{"embeddable":true,"href":"https:\/\/www.caririemacao.com\/1\/wp-json\/wp\/v2\/comments?post=155449"}],"version-history":[{"count":1,"href":"https:\/\/www.caririemacao.com\/1\/wp-json\/wp\/v2\/posts\/155449\/revisions"}],"predecessor-version":[{"id":155451,"href":"https:\/\/www.caririemacao.com\/1\/wp-json\/wp\/v2\/posts\/155449\/revisions\/155451"}],"wp:featuredmedia":[{"embeddable":true,"href":"https:\/\/www.caririemacao.com\/1\/wp-json\/wp\/v2\/media\/155450"}],"wp:attachment":[{"href":"https:\/\/www.caririemacao.com\/1\/wp-json\/wp\/v2\/media?parent=155449"}],"wp:term":[{"taxonomy":"category","embeddable":true,"href":"https:\/\/www.caririemacao.com\/1\/wp-json\/wp\/v2\/categories?post=155449"},{"taxonomy":"post_tag","embeddable":true,"href":"https:\/\/www.caririemacao.com\/1\/wp-json\/wp\/v2\/tags?post=155449"}],"curies":[{"name":"wp","href":"https:\/\/api.w.org\/{rel}","templated":true}]}}