{"id":155457,"date":"2020-02-27T11:20:59","date_gmt":"2020-02-27T14:20:59","guid":{"rendered":"http:\/\/www.caririemacao.com\/1\/?p=155457"},"modified":"2020-02-27T11:21:41","modified_gmt":"2020-02-27T14:21:41","slug":"prefeito-eden-entrega-ambulancia-nova-para-o-samu-de-sume","status":"publish","type":"post","link":"https:\/\/www.caririemacao.com\/1\/2020\/02\/27\/prefeito-eden-entrega-ambulancia-nova-para-o-samu-de-sume\/","title":{"rendered":"Prefeito \u00c9den entrega ambul\u00e2ncia nova para o Samu de Sum\u00e9"},"content":{"rendered":"\n<p>O prefeito, \u00c9den Duarte, entregou no \u00faltimo s\u00e1bado (22), uma nova ambul\u00e2ncia para o Servi\u00e7o de Atendimento de Urg\u00eancia e Emerg\u00eancia (Samu) do munic\u00edpio. A van 0km, adquirida por meio do Minist\u00e9rio da Sa\u00fade do Governo Federal, atender\u00e1 \u00e0s cidades de Sum\u00e9, Congo e Amparo. <\/p>\n\n\n\n<p>A entrega das chaves do novo ve\u00edculo foi realizada em frente \u00e0 pr\u00f3pria base do Samu, ao lado do Hospital e Maternidade Alice de Almeida. Al\u00e9m do prefeito \u00c9den, estiveram presentes na ocasi\u00e3o, o vice-prefeito Dr\u00f3, a secret\u00e1ria de sa\u00fade do munic\u00edpio, Alessandra Regina, a coordenadora do Samu, Ana Paula Sim\u00f5es e sua equipe, o presidente do Legislativo, Le\u00f4nidas Albino, os vereadores, Daniel L\u00eala, Ant\u00f4nio Carlos Sarmento e Br\u00edgida Xavier.<\/p>\n\n\n\n<p>No ano de 2019, o Samu realizou 918 atendimentos, sendo 627 procedimentos cl\u00ednicos, 123 traumas, 152 transfer\u00eancias e 16 \u00f3bitos, totalizando, uma m\u00e9dia de quase tr\u00eas ocorr\u00eancias por dia. <\/p>\n\n\n\n<p>A entrega de uma nova ambul\u00e2ncia \u00e9 mais um compromisso do prefeito \u00c9den com a melhoria da qualidade de vida dos sumeenses. S\u00f3 na \u00e1rea da Sa\u00fade, desde que ele assumiu o governo municipal em 2017, j\u00e1 foram entregues duas vans, sendo uma com 21 lugares e outra com plataforma elevada para pessoas com necessidades especiais, al\u00e9m de uma caminhonete  0km e um gol 0km, fora os ve\u00edculos alugados que viajam diariamente para Campina Grande, Jo\u00e3o Pessoa e Recife transportando pacientes que precisam de atendimento nesses centros.<\/p>\n","protected":false},"excerpt":{"rendered":"<p>O prefeito, \u00c9den Duarte, entregou no \u00faltimo s\u00e1bado (22), uma nova ambul\u00e2ncia para o Servi\u00e7o de Atendimento de Urg\u00eancia e Emerg\u00eancia (Samu) do munic\u00edpio. A&hellip; <\/p>\n","protected":false},"author":2,"featured_media":155465,"comment_status":"closed","ping_status":"closed","sticky":false,"template":"","format":"standard","meta":{"sfsi_plus_gutenberg_text_before_share":"","sfsi_plus_gutenberg_show_text_before_share":"","sfsi_plus_gutenberg_icon_type":"","sfsi_plus_gutenberg_icon_alignemt":"","sfsi_plus_gutenburg_max_per_row":"","footnotes":""},"categories":[6,50],"tags":[],"class_list":["post-155457","post","type-post","status-publish","format-standard","has-post-thumbnail","hentry","category-cidades","category-destaque"],"_links":{"self":[{"href":"https:\/\/www.caririemacao.com\/1\/wp-json\/wp\/v2\/posts\/155457","targetHints":{"allow":["GET"]}}],"collection":[{"href":"https:\/\/www.caririemacao.com\/1\/wp-json\/wp\/v2\/posts"}],"about":[{"href":"https:\/\/www.caririemacao.com\/1\/wp-json\/wp\/v2\/types\/post"}],"author":[{"embeddable":true,"href":"https:\/\/www.caririemacao.com\/1\/wp-json\/wp\/v2\/users\/2"}],"replies":[{"embeddable":true,"href":"https:\/\/www.caririemacao.com\/1\/wp-json\/wp\/v2\/comments?post=155457"}],"version-history":[{"count":1,"href":"https:\/\/www.caririemacao.com\/1\/wp-json\/wp\/v2\/posts\/155457\/revisions"}],"predecessor-version":[{"id":155459,"href":"https:\/\/www.caririemacao.com\/1\/wp-json\/wp\/v2\/posts\/155457\/revisions\/155459"}],"wp:featuredmedia":[{"embeddable":true,"href":"https:\/\/www.caririemacao.com\/1\/wp-json\/wp\/v2\/media\/155465"}],"wp:attachment":[{"href":"https:\/\/www.caririemacao.com\/1\/wp-json\/wp\/v2\/media?parent=155457"}],"wp:term":[{"taxonomy":"category","embeddable":true,"href":"https:\/\/www.caririemacao.com\/1\/wp-json\/wp\/v2\/categories?post=155457"},{"taxonomy":"post_tag","embeddable":true,"href":"https:\/\/www.caririemacao.com\/1\/wp-json\/wp\/v2\/tags?post=155457"}],"curies":[{"name":"wp","href":"https:\/\/api.w.org\/{rel}","templated":true}]}}