{"id":155467,"date":"2020-02-27T13:02:57","date_gmt":"2020-02-27T16:02:57","guid":{"rendered":"http:\/\/www.caririemacao.com\/1\/?p=155467"},"modified":"2020-02-27T13:02:59","modified_gmt":"2020-02-27T16:02:59","slug":"em-meio-a-epidemia-do-coronavirus-governadores-do-nordeste-adiam-viagem-a-europa","status":"publish","type":"post","link":"https:\/\/www.caririemacao.com\/1\/2020\/02\/27\/em-meio-a-epidemia-do-coronavirus-governadores-do-nordeste-adiam-viagem-a-europa\/","title":{"rendered":"Em meio a epidemia do Coronav\u00edrus, governadores do Nordeste adiam viagem \u00e0 Europa"},"content":{"rendered":"\n<p>A miss\u00e3o oficial dos governadores do Nordeste \u00e0 Europa, que aconteceria neste s\u00e1bado (29), foi adiada em decis\u00e3o conjunta dos gestores. A nova data ainda n\u00e3o foi definida, mas provavelmente ser\u00e1 no m\u00eas de maio. O cancelamento da viagem ocorre em meio a recomenda\u00e7\u00f5es do Minist\u00e9rio da Sa\u00fade de que os brasileiros evitem viajar \u00e0 Europa, onde est\u00e3o sendo registrados v\u00e1rios casos do novo Coronav\u00edrus.<\/p>\n\n\n\n<p>Apesar disso, o secret\u00e1rio executivo do Cons\u00f3rcio Nordeste, Carlos Gabas, afirmou que a mudan\u00e7a da data n\u00e3o tem rela\u00e7\u00e3o com a epidemia. \u201cN\u00e3o foi um cancelamento, foi um adiamento. Ele n\u00e3o tem a ver com Coronav\u00edrus ou com algum receio dos governadores, at\u00e9 porque a Espanha tem os seus protocolos\u201d, ressaltou, explicando que o adiamento ocorreu devido a problemas locais.<\/p>\n\n\n\n<p>A Espanha seria o destino dos gestores, e a programa\u00e7\u00e3o inclu\u00eda reuni\u00f5es com empres\u00e1rios e autoridades visando a busca de investimentos para a regi\u00e3o.<\/p>\n\n\n\n<p>\u201cOs governadores, por conta de quest\u00f5es locais, se falaram durante o feriado do carnaval e entenderam que n\u00e3o seria adequado irem s\u00f3 uma parte dos governadores, visto que alguns j\u00e1 haviam dito que n\u00e3o poderiam sair dos seus estados. Ent\u00e3o, para n\u00e3o ir metade dos governadores, eles conversaram com o embaixador para remarcar para que consigam ir os nove governadores porque a Espanha \u00e9 um parceiro comercial muito importante para o Nordeste, porque \u00e9 um dos pa\u00edses que mais tem investimento na regi\u00e3o\u201d, ressaltou Gabas.<\/p>\n","protected":false},"excerpt":{"rendered":"<p>A miss\u00e3o oficial dos governadores do Nordeste \u00e0 Europa, que aconteceria neste s\u00e1bado (29), foi adiada em decis\u00e3o conjunta dos gestores. A nova data ainda&hellip; <\/p>\n","protected":false},"author":2,"featured_media":155469,"comment_status":"closed","ping_status":"closed","sticky":false,"template":"","format":"standard","meta":{"sfsi_plus_gutenberg_text_before_share":"","sfsi_plus_gutenberg_show_text_before_share":"","sfsi_plus_gutenberg_icon_type":"","sfsi_plus_gutenberg_icon_alignemt":"","sfsi_plus_gutenburg_max_per_row":"","footnotes":""},"categories":[2],"tags":[],"class_list":["post-155467","post","type-post","status-publish","format-standard","has-post-thumbnail","hentry","category-geral"],"_links":{"self":[{"href":"https:\/\/www.caririemacao.com\/1\/wp-json\/wp\/v2\/posts\/155467","targetHints":{"allow":["GET"]}}],"collection":[{"href":"https:\/\/www.caririemacao.com\/1\/wp-json\/wp\/v2\/posts"}],"about":[{"href":"https:\/\/www.caririemacao.com\/1\/wp-json\/wp\/v2\/types\/post"}],"author":[{"embeddable":true,"href":"https:\/\/www.caririemacao.com\/1\/wp-json\/wp\/v2\/users\/2"}],"replies":[{"embeddable":true,"href":"https:\/\/www.caririemacao.com\/1\/wp-json\/wp\/v2\/comments?post=155467"}],"version-history":[{"count":1,"href":"https:\/\/www.caririemacao.com\/1\/wp-json\/wp\/v2\/posts\/155467\/revisions"}],"predecessor-version":[{"id":155470,"href":"https:\/\/www.caririemacao.com\/1\/wp-json\/wp\/v2\/posts\/155467\/revisions\/155470"}],"wp:featuredmedia":[{"embeddable":true,"href":"https:\/\/www.caririemacao.com\/1\/wp-json\/wp\/v2\/media\/155469"}],"wp:attachment":[{"href":"https:\/\/www.caririemacao.com\/1\/wp-json\/wp\/v2\/media?parent=155467"}],"wp:term":[{"taxonomy":"category","embeddable":true,"href":"https:\/\/www.caririemacao.com\/1\/wp-json\/wp\/v2\/categories?post=155467"},{"taxonomy":"post_tag","embeddable":true,"href":"https:\/\/www.caririemacao.com\/1\/wp-json\/wp\/v2\/tags?post=155467"}],"curies":[{"name":"wp","href":"https:\/\/api.w.org\/{rel}","templated":true}]}}