{"id":155471,"date":"2020-02-27T13:05:08","date_gmt":"2020-02-27T16:05:08","guid":{"rendered":"http:\/\/www.caririemacao.com\/1\/?p=155471"},"modified":"2020-02-27T13:05:09","modified_gmt":"2020-02-27T16:05:09","slug":"paciente-com-suspeita-de-coronavirus-na-paraiba-permanece-estavel-tres-familiares-monitorados-nao-apresentam-sintomas","status":"publish","type":"post","link":"https:\/\/www.caririemacao.com\/1\/2020\/02\/27\/paciente-com-suspeita-de-coronavirus-na-paraiba-permanece-estavel-tres-familiares-monitorados-nao-apresentam-sintomas\/","title":{"rendered":"Paciente com suspeita de coronav\u00edrus na Para\u00edba permanece est\u00e1vel; tr\u00eas familiares monitorados n\u00e3o apresentam sintomas"},"content":{"rendered":"\n<p> O homem com suspeita de estar infectado pelo novo Coronav\u00edrus na Para\u00edba permanece internado no Hospital Clementino Fraga, em Jo\u00e3o Pessoa, apresentando quadro de sa\u00fade est\u00e1vel. A informa\u00e7\u00e3o foi confirmada ao ClickPB na manh\u00e3 desta quinta-feira (27) pelo m\u00e9dico infectologista Fernando Chagas, que est\u00e1 acompanhando o caso.<\/p>\n\n\n\n<p>Tr\u00eas parentes do paciente com suspeita de coronav\u00edrus na Para\u00edba continuam em casa sendo monitoradas por uma equipe de vigil\u00e2ncia em sa\u00fade. De acordo com informa\u00e7\u00f5es da assessoria de comunica\u00e7\u00e3o da Secretaria de Sa\u00fade do Estado, eles permanecem sem apresentar sintomas at\u00e9 a manh\u00e3 desta quinta-feira (27).<\/p>\n\n\n\n<p>A esposa do paciente viajou com ele at\u00e9 a It\u00e1lia entre os dias 14 e 23 deste m\u00eas de fevereiro. J\u00e1 o filho e a nora do homem internado tiveram contato com ele apenas depois que ele chegou da It\u00e1lia.<\/p>\n\n\n\n<p>Apesar de os familiares n\u00e3o apresentarem sintomas, a Secretaria de Sa\u00fade continua monitorando diariamente a situa\u00e7\u00e3o deles. A recomenda\u00e7\u00e3o do Minist\u00e9rio da Sa\u00fade \u00e9 que, mesmo sem apresentar sintomas, as pessoas que voltaram de \u00e1reas com transmiss\u00e3o direta fiquem em casa por um per\u00edodo de 14 dias. Estas pessoas tamb\u00e9m s\u00e3o orientadas a n\u00e3o sair de casa e nem receber visitas.<\/p>\n\n\n\n<p>A expectativa \u00e9 de que o resultado do exame para confirmar ou descartar a infec\u00e7\u00e3o pelo Novo Coronav\u00edrus no paciente internado em Jo\u00e3o Pessoa seja divulgado nesta sexta-feira (28). O exame est\u00e1 sendo realizado no Instituto Evandro Chagas, no estado do Par\u00e1.<\/p>\n\n\n\n<p>O secret\u00e1rio de Sa\u00fade do Estado, Geraldo Medeiros, informou que o paciente investigado por suspeita de Coronav\u00edrus na Para\u00edba j\u00e1 apresentava alguns sintomas de problemas respirat\u00f3rios antes mesmo de viajar. Portanto, o exame \u00e9 essencial para apurar a situa\u00e7\u00e3o do paciente.<\/p>\n\n\n\n<p>O&nbsp;homem de 59 anos de idade permanece internado em \u00e1rea isolada do Hospital Clementino Fraga, em Jo\u00e3o Pessoa, desde a \u00faltima segunda-feira (24).<\/p>\n\n\n\n<ul class=\"wp-block-list\"><li><a href=\"https:\/\/www.clickpb.com.br\/paraiba\/paraiba-tem-primeiro-caso-suspeito-de-coronavirus-paciente-esta-internado-no-hospital-clementino-fraga-278665.html\">Para\u00edba tem primeiro caso suspeito de Coronav\u00edrus; paciente est\u00e1 internado no Hospital Clementino Fraga<\/a><\/li><li><a href=\"https:\/\/www.clickpb.com.br\/saude\/familiares-de-homem-com-suspeita-de-coronavirus-na-paraiba-estao-sendo-monitorados-278684.html\">Familiares de homem com suspeita de coronav\u00edrus na Para\u00edba est\u00e3o sendo monitorados<\/a><\/li><li><a href=\"https:\/\/www.clickpb.com.br\/saude\/coronavirus-veja-como-se-prevenir-da-doenca-278668.html\">Coronav\u00edrus: veja como prevenir a doen\u00e7a<\/a><\/li><li><a href=\"https:\/\/www.clickpb.com.br\/paraiba\/exame-que-ira-dizer-se-paciente-paraibano-tem-novo-coronavirus-e-realizado-no-para-278718.html\">Exame que ir\u00e1 dizer se paciente paraibano tem novo Coronav\u00edrus \u00e9 realizado no Par\u00e1<\/a><\/li><\/ul>\n","protected":false},"excerpt":{"rendered":"<p>O homem com suspeita de estar infectado pelo novo Coronav\u00edrus na Para\u00edba permanece internado no Hospital Clementino Fraga, em Jo\u00e3o Pessoa, apresentando quadro de sa\u00fade&hellip; <\/p>\n","protected":false},"author":2,"featured_media":155472,"comment_status":"closed","ping_status":"closed","sticky":false,"template":"","format":"standard","meta":{"sfsi_plus_gutenberg_text_before_share":"","sfsi_plus_gutenberg_show_text_before_share":"","sfsi_plus_gutenberg_icon_type":"","sfsi_plus_gutenberg_icon_alignemt":"","sfsi_plus_gutenburg_max_per_row":"","footnotes":""},"categories":[2],"tags":[],"class_list":["post-155471","post","type-post","status-publish","format-standard","has-post-thumbnail","hentry","category-geral"],"_links":{"self":[{"href":"https:\/\/www.caririemacao.com\/1\/wp-json\/wp\/v2\/posts\/155471","targetHints":{"allow":["GET"]}}],"collection":[{"href":"https:\/\/www.caririemacao.com\/1\/wp-json\/wp\/v2\/posts"}],"about":[{"href":"https:\/\/www.caririemacao.com\/1\/wp-json\/wp\/v2\/types\/post"}],"author":[{"embeddable":true,"href":"https:\/\/www.caririemacao.com\/1\/wp-json\/wp\/v2\/users\/2"}],"replies":[{"embeddable":true,"href":"https:\/\/www.caririemacao.com\/1\/wp-json\/wp\/v2\/comments?post=155471"}],"version-history":[{"count":1,"href":"https:\/\/www.caririemacao.com\/1\/wp-json\/wp\/v2\/posts\/155471\/revisions"}],"predecessor-version":[{"id":155473,"href":"https:\/\/www.caririemacao.com\/1\/wp-json\/wp\/v2\/posts\/155471\/revisions\/155473"}],"wp:featuredmedia":[{"embeddable":true,"href":"https:\/\/www.caririemacao.com\/1\/wp-json\/wp\/v2\/media\/155472"}],"wp:attachment":[{"href":"https:\/\/www.caririemacao.com\/1\/wp-json\/wp\/v2\/media?parent=155471"}],"wp:term":[{"taxonomy":"category","embeddable":true,"href":"https:\/\/www.caririemacao.com\/1\/wp-json\/wp\/v2\/categories?post=155471"},{"taxonomy":"post_tag","embeddable":true,"href":"https:\/\/www.caririemacao.com\/1\/wp-json\/wp\/v2\/tags?post=155471"}],"curies":[{"name":"wp","href":"https:\/\/api.w.org\/{rel}","templated":true}]}}