{"id":155474,"date":"2020-02-27T13:08:09","date_gmt":"2020-02-27T16:08:09","guid":{"rendered":"http:\/\/www.caririemacao.com\/1\/?p=155474"},"modified":"2020-02-27T13:08:12","modified_gmt":"2020-02-27T16:08:12","slug":"pessoenses-correm-para-farmacias-em-busca-de-mascaras-e-alcool-em-gel-medico-ve-exagero","status":"publish","type":"post","link":"https:\/\/www.caririemacao.com\/1\/2020\/02\/27\/pessoenses-correm-para-farmacias-em-busca-de-mascaras-e-alcool-em-gel-medico-ve-exagero\/","title":{"rendered":"Pessoenses correm para farm\u00e1cias em busca de m\u00e1scaras e \u00e1lcool em gel; m\u00e9dico v\u00ea exagero"},"content":{"rendered":"\n<p>A procura por produtos como \u00e1lcool em gel e m\u00e1scaras tem aumentado nas farm\u00e1cias de Jo\u00e3o Pessoa ap\u00f3s a&nbsp;<a href=\"https:\/\/www.clickpb.com.br\/brasil\/ao-vivo-ministerio-da-saude-confirma-primeiro-caso-de-coronavirus-no-brasil-278669.html\">confirma\u00e7\u00e3o do primeiro caso<\/a>&nbsp;do novo de Coronav\u00edrus no Brasil, e a&nbsp;<a href=\"https:\/\/www.clickpb.com.br\/saude\/paciente-com-suspeita-de-coronavirus-na-paraiba-permanece-estavel-tres-familiares-monitorados-nao-apresentam-sintomas-278738.html\">suspeita de um caso na Para\u00edba<\/a>. Para o infectologista Fernando Chagas, por\u00e9m, h\u00e1 muito exagero e pessoas gastando dinheiro com produtos que em nada ajudam.<\/p>\n\n\n\n<p>Em uma das unidades da Drogasil, localizada na Avenida Epit\u00e1cio Pessoa, j\u00e1 n\u00e3o era poss\u00edvel encontrar nem m\u00e1scaras nem \u00e1lcool em gel na manh\u00e3 desta quinta-feira (27). De acordo com um funcion\u00e1rio, o estoque acabou na quarta-feira (26), embora o abastecimento esteja normal. O que levou \u00e0 falta dos produtos foi a alta procura.<\/p>\n\n\n\n<p>J\u00e1 em uma unidade da Pague Menos, na mesma avenida, ainda havia algumas unidades de \u00e1lcool em gel de tamanho pequeno, j\u00e1 que as de tamanho grande foram vendidas rapidamente. A gerente da loja disse que haveria um novo abastecimento ainda hoje \u00e0 tarde.<\/p>\n\n\n\n<p>O uso de m\u00e1scaras, por\u00e9m, \u00e9 considerado um exagero pelo infectologista Fernando Chagas, que atua no Complexo Hospitalar Clementino Fraga, o hospital de refer\u00eancia para o tratamento da doen\u00e7a em Jo\u00e3o Pessoa. Segundo ele, n\u00e3o h\u00e1 necessidade de pessoas que n\u00e3o est\u00e3o doentes usarem o equipamento de prote\u00e7\u00e3o, exceto se forem ter contato com algum familiar doente. &#8220;Mas o coronav\u00edrus n\u00e3o tem circula\u00e7\u00e3o aqui&#8221;, afirmou.<\/p>\n\n\n\n<p>O m\u00e9dico destacou que muitas pessoas t\u00eam corrido para comprar vitamina C, e outros tipos de vitamina, mas n\u00e3o h\u00e1 nenhuma comprova\u00e7\u00e3o de que esses produtos pode ajudar a prevenir a doen\u00e7a.<br><\/p>\n\n\n\n<p>Em rela\u00e7\u00e3o ao \u00e1lcool em gel para limpar as m\u00e3os, Fernando Chagas explicou que s\u00f3 o \u00e1lcool a 70% tem o poder de destruir v\u00edrus, mas lavar as m\u00e3os com \u00e1gua e sab\u00e3o faz o mesmo efeito. O \u00e1lcool tem utilidade quando n\u00e3o h\u00e1 um local para lavar as m\u00e3os por perto.<\/p>\n","protected":false},"excerpt":{"rendered":"<p>A procura por produtos como \u00e1lcool em gel e m\u00e1scaras tem aumentado nas farm\u00e1cias de Jo\u00e3o Pessoa ap\u00f3s a&nbsp;confirma\u00e7\u00e3o do primeiro caso&nbsp;do novo de Coronav\u00edrus&hellip; <\/p>\n","protected":false},"author":2,"featured_media":155475,"comment_status":"closed","ping_status":"closed","sticky":false,"template":"","format":"standard","meta":{"sfsi_plus_gutenberg_text_before_share":"","sfsi_plus_gutenberg_show_text_before_share":"","sfsi_plus_gutenberg_icon_type":"","sfsi_plus_gutenberg_icon_alignemt":"","sfsi_plus_gutenburg_max_per_row":"","footnotes":""},"categories":[2],"tags":[],"class_list":["post-155474","post","type-post","status-publish","format-standard","has-post-thumbnail","hentry","category-geral"],"_links":{"self":[{"href":"https:\/\/www.caririemacao.com\/1\/wp-json\/wp\/v2\/posts\/155474","targetHints":{"allow":["GET"]}}],"collection":[{"href":"https:\/\/www.caririemacao.com\/1\/wp-json\/wp\/v2\/posts"}],"about":[{"href":"https:\/\/www.caririemacao.com\/1\/wp-json\/wp\/v2\/types\/post"}],"author":[{"embeddable":true,"href":"https:\/\/www.caririemacao.com\/1\/wp-json\/wp\/v2\/users\/2"}],"replies":[{"embeddable":true,"href":"https:\/\/www.caririemacao.com\/1\/wp-json\/wp\/v2\/comments?post=155474"}],"version-history":[{"count":1,"href":"https:\/\/www.caririemacao.com\/1\/wp-json\/wp\/v2\/posts\/155474\/revisions"}],"predecessor-version":[{"id":155476,"href":"https:\/\/www.caririemacao.com\/1\/wp-json\/wp\/v2\/posts\/155474\/revisions\/155476"}],"wp:featuredmedia":[{"embeddable":true,"href":"https:\/\/www.caririemacao.com\/1\/wp-json\/wp\/v2\/media\/155475"}],"wp:attachment":[{"href":"https:\/\/www.caririemacao.com\/1\/wp-json\/wp\/v2\/media?parent=155474"}],"wp:term":[{"taxonomy":"category","embeddable":true,"href":"https:\/\/www.caririemacao.com\/1\/wp-json\/wp\/v2\/categories?post=155474"},{"taxonomy":"post_tag","embeddable":true,"href":"https:\/\/www.caririemacao.com\/1\/wp-json\/wp\/v2\/tags?post=155474"}],"curies":[{"name":"wp","href":"https:\/\/api.w.org\/{rel}","templated":true}]}}