{"id":155477,"date":"2020-02-27T13:09:43","date_gmt":"2020-02-27T16:09:43","guid":{"rendered":"http:\/\/www.caririemacao.com\/1\/?p=155477"},"modified":"2020-02-27T13:09:45","modified_gmt":"2020-02-27T16:09:45","slug":"presidente-do-pt-na-paraiba-diz-que-bolsonaro-cometeu-crime-de-responsabilidade-e-convoca-reacao-da-sociedade","status":"publish","type":"post","link":"https:\/\/www.caririemacao.com\/1\/2020\/02\/27\/presidente-do-pt-na-paraiba-diz-que-bolsonaro-cometeu-crime-de-responsabilidade-e-convoca-reacao-da-sociedade\/","title":{"rendered":"Presidente do PT na Para\u00edba diz que Bolsonaro cometeu crime de responsabilidade e convoca rea\u00e7\u00e3o da sociedade"},"content":{"rendered":"\n<p>O presidente do diret\u00f3rio estadual do PT na Para\u00edba, Jackson Mac\u00eado, divulgou nesta quinta-feira (27) uma nota repudiando a postura do presidente Jair Bolsonaro e cobrando rea\u00e7\u00e3o da sociedade. A nota foi emitida ap\u00f3s o presidente Jair Bolsonaro ter divulgado um v\u00eddeo convocat\u00f3rio para uma manifesta\u00e7\u00e3o no pr\u00f3ximo dia 15 de mar\u00e7o.<\/p>\n\n\n\n<p>\u201cA Democracia no Brasil nunca esteve t\u00e3o amea\u00e7ada desde a redemocratiza\u00e7\u00e3o, ocorridas nos anos 1980. A convoca\u00e7\u00e3o para um ato contra as institui\u00e7\u00f5es democr\u00e1ticas veio de quem mais deveria defend\u00ea-las, o chefe da na\u00e7\u00e3o\u201d, ressalta Jackson Mac\u00eado. O presidente do PT considera que a atitude de Jair Bolsonaro configura crime de responsabilidade.<\/p>\n\n\n\n<p>\u201c\u00c9 urgente um posicionamento das institui\u00e7\u00f5es, sejam da sociedade civil, seja dos poderes da Rep\u00fablica, contra este ato irrespons\u00e1vel do presidente. N\u00e3o podemos voltar aos tempos do arb\u00edtrio, revivendo a escurid\u00e3o de uma Ditadura Militar\u201d, refor\u00e7a Jackson Mac\u00eado.<\/p>\n\n\n\n<p><em>Nota &#8211; Democracia brasileira amea\u00e7ada! Sociedade deve reagir!<\/em><\/p>\n\n\n\n<p><em>O presidente Jair Bolsonaro mostrou mais uma vez a que veio. De forma autorit\u00e1ria e ditatorial, o presidente da Rep\u00fablica convocou por redes sociais a manifesta\u00e7\u00e3o pelo fechamento do Congresso Nacional marcada para 15 de mar\u00e7o, em alian\u00e7a com grupos de extrema-direita.<\/em><\/p>\n\n\n\n<p><em>A Democracia no Brasil nunca esteve t\u00e3o amea\u00e7ada desde a redemocratiza\u00e7\u00e3o, ocorridas nos anos 1980. A convoca\u00e7\u00e3o para um ato contra as institui\u00e7\u00f5es democr\u00e1ticas veio de quem mais deveria defend\u00ea-las, o chefe da na\u00e7\u00e3o.<\/em><\/p>\n\n\n\n<p><em>Mas Jair Bolsonaro nunca defendeu a Democracia. Na verdade, trata-se de um falso patriota, que beija a bandeira dos Estados Unidos, e que, com sua pol\u00edtica entreguista, quer acabar com a soberania do nosso pa\u00eds.<\/em><\/p>\n\n\n\n<p><em>Agora, Bolsonaro passa de todos os limites ao querer fechar o Congresso Nacional. A estrat\u00e9gia de colocar o povo contra os legisladores \u00e9 semelhante \u00e0 de ditadores em regimes totalit\u00e1rios.<\/em><\/p>\n\n\n\n<p><em>Este ato do presidente \u00e9 uma atitude grav\u00edssima, que configura crime de responsabilidade, previsto na constitui\u00e7\u00e3o, e que justifica uma rea\u00e7\u00e3o \u00e0 altura por parte da sociedade.<\/em><\/p>\n\n\n\n<p><em>\u00c9 urgente um posicionamento das institui\u00e7\u00f5es, sejam da sociedade civil, seja dos poderes da Rep\u00fablica, contra este ato irrespons\u00e1vel do presidente. N\u00e3o podemos voltar aos tempos do arb\u00edtrio, revivendo a escurid\u00e3o de uma Ditadura Militar.<\/em><\/p>\n\n\n\n<p><em>A democracia brasileira est\u00e1 amea\u00e7ada! A sociedade deve reagir!<\/em><\/p>\n\n\n\n<p><em>Jackson Mac\u00eado<\/em><\/p>\n\n\n\n<p><em>Presidente PT da Para\u00edba<\/em><\/p>\n","protected":false},"excerpt":{"rendered":"<p>O presidente do diret\u00f3rio estadual do PT na Para\u00edba, Jackson Mac\u00eado, divulgou nesta quinta-feira (27) uma nota repudiando a postura do presidente Jair Bolsonaro e&hellip; <\/p>\n","protected":false},"author":2,"featured_media":155478,"comment_status":"closed","ping_status":"closed","sticky":false,"template":"","format":"standard","meta":{"sfsi_plus_gutenberg_text_before_share":"","sfsi_plus_gutenberg_show_text_before_share":"","sfsi_plus_gutenberg_icon_type":"","sfsi_plus_gutenberg_icon_alignemt":"","sfsi_plus_gutenburg_max_per_row":"","footnotes":""},"categories":[11],"tags":[],"class_list":["post-155477","post","type-post","status-publish","format-standard","has-post-thumbnail","hentry","category-politica"],"_links":{"self":[{"href":"https:\/\/www.caririemacao.com\/1\/wp-json\/wp\/v2\/posts\/155477","targetHints":{"allow":["GET"]}}],"collection":[{"href":"https:\/\/www.caririemacao.com\/1\/wp-json\/wp\/v2\/posts"}],"about":[{"href":"https:\/\/www.caririemacao.com\/1\/wp-json\/wp\/v2\/types\/post"}],"author":[{"embeddable":true,"href":"https:\/\/www.caririemacao.com\/1\/wp-json\/wp\/v2\/users\/2"}],"replies":[{"embeddable":true,"href":"https:\/\/www.caririemacao.com\/1\/wp-json\/wp\/v2\/comments?post=155477"}],"version-history":[{"count":1,"href":"https:\/\/www.caririemacao.com\/1\/wp-json\/wp\/v2\/posts\/155477\/revisions"}],"predecessor-version":[{"id":155479,"href":"https:\/\/www.caririemacao.com\/1\/wp-json\/wp\/v2\/posts\/155477\/revisions\/155479"}],"wp:featuredmedia":[{"embeddable":true,"href":"https:\/\/www.caririemacao.com\/1\/wp-json\/wp\/v2\/media\/155478"}],"wp:attachment":[{"href":"https:\/\/www.caririemacao.com\/1\/wp-json\/wp\/v2\/media?parent=155477"}],"wp:term":[{"taxonomy":"category","embeddable":true,"href":"https:\/\/www.caririemacao.com\/1\/wp-json\/wp\/v2\/categories?post=155477"},{"taxonomy":"post_tag","embeddable":true,"href":"https:\/\/www.caririemacao.com\/1\/wp-json\/wp\/v2\/tags?post=155477"}],"curies":[{"name":"wp","href":"https:\/\/api.w.org\/{rel}","templated":true}]}}