{"id":155480,"date":"2020-02-27T13:13:34","date_gmt":"2020-02-27T16:13:34","guid":{"rendered":"http:\/\/www.caririemacao.com\/1\/?p=155480"},"modified":"2020-02-27T13:13:36","modified_gmt":"2020-02-27T16:13:36","slug":"rachel-sheherazade-diz-sofrer-ameacas-de-morte-desde-que-ousou-criticar-bolsonaro","status":"publish","type":"post","link":"https:\/\/www.caririemacao.com\/1\/2020\/02\/27\/rachel-sheherazade-diz-sofrer-ameacas-de-morte-desde-que-ousou-criticar-bolsonaro\/","title":{"rendered":"Rachel Sheherazade diz sofrer amea\u00e7as de morte desde que &#8216;ousou criticar&#8217; Bolsonaro"},"content":{"rendered":"\n<p>A \u00e2ncora do principal telejornal do SBT, o SBT Brasil, Rachel Sheherazade afirmou por meio do Twitter na madrugada desta quinta-feira (27) que vem sofrendo amea\u00e7as de morte e contra a fam\u00edlia dela desde que \u201cousou\u201d criticar o ent\u00e3o candidato \u00e0 Presid\u00eancia Jair Bolsonaro em 2018.<\/p>\n\n\n\n<p>E seu perfil oficial na rede, Rachel se solidarizou com as colegas de profiss\u00e3o Vera Magalh\u00e3es, M\u00edriam Leit\u00e3o, Eliane Cantanh\u00eade e Patricia Campos Mello que, para a \u00e2ncora do SBT, t\u00eam sido alvos de ataques da mesma natureza \u201cvil, covarde, decr\u00e9pita e mis\u00f3gina\u201d.<\/p>\n\n\n\n<p>Rachel tamb\u00e9m ressaltou, em uma sequ\u00eancia de posts, que todos os ataques \u201cpartem do mesmo escrit\u00f3rio virtual do crime, j\u00e1 denunciado na CPI das Fake News\u201d. Para a jornalista do SBT, tais den\u00fancias foram ignoradas pelo Procurador-Geral da Rep\u00fablica, Augusto Aras, e pelo ministro da Justi\u00e7a e Seguran\u00e7a P\u00fablica, Sergio Moro.<\/p>\n\n\n\n<p>\u201cA viol\u00eancia que minhas colegas sofrem eu sofri e tenho sofrido tamb\u00e9m. Campanhas difamat\u00f3rias, ataques em massa, amea\u00e7as de morte, amea\u00e7as contra meus filhos t\u00eam sido uma rotina desde que ousei criticar o ent\u00e3o candidato Jair Bolsonaro, ainda no epis\u00f3dio da greve dos caminhoneiros em 2018\u201d, afirmou Rachel.<\/p>\n\n\n\n<p>A jornalista ressaltou que n\u00e3o h\u00e1 como afirmar que o comando dos ataques a jornalistas seja do presidente, mas disse que \u201cn\u00e3o h\u00e1 como negar que ele tira proveito do \u00f3dio que semeia\u201d.<\/p>\n\n\n\n<p>De acordo com Rachel, esse \u00f3dio p\u00f5e em \u201ccheque a pr\u00f3pria liberdade de imprensa\u201d. \u201cNa luta insana contra a democracia, o primeiro ataque \u00e9 contra a verdade. A \u00faltima v\u00edtima do autoritarismo \u00e9 a liberdade\u201d, concluiu a jornalista.<\/p>\n","protected":false},"excerpt":{"rendered":"<p>A \u00e2ncora do principal telejornal do SBT, o SBT Brasil, Rachel Sheherazade afirmou por meio do Twitter na madrugada desta quinta-feira (27) que vem sofrendo&hellip; <\/p>\n","protected":false},"author":2,"featured_media":155481,"comment_status":"closed","ping_status":"closed","sticky":false,"template":"","format":"standard","meta":{"sfsi_plus_gutenberg_text_before_share":"","sfsi_plus_gutenberg_show_text_before_share":"","sfsi_plus_gutenberg_icon_type":"","sfsi_plus_gutenberg_icon_alignemt":"","sfsi_plus_gutenburg_max_per_row":"","footnotes":""},"categories":[2],"tags":[],"class_list":["post-155480","post","type-post","status-publish","format-standard","has-post-thumbnail","hentry","category-geral"],"_links":{"self":[{"href":"https:\/\/www.caririemacao.com\/1\/wp-json\/wp\/v2\/posts\/155480","targetHints":{"allow":["GET"]}}],"collection":[{"href":"https:\/\/www.caririemacao.com\/1\/wp-json\/wp\/v2\/posts"}],"about":[{"href":"https:\/\/www.caririemacao.com\/1\/wp-json\/wp\/v2\/types\/post"}],"author":[{"embeddable":true,"href":"https:\/\/www.caririemacao.com\/1\/wp-json\/wp\/v2\/users\/2"}],"replies":[{"embeddable":true,"href":"https:\/\/www.caririemacao.com\/1\/wp-json\/wp\/v2\/comments?post=155480"}],"version-history":[{"count":1,"href":"https:\/\/www.caririemacao.com\/1\/wp-json\/wp\/v2\/posts\/155480\/revisions"}],"predecessor-version":[{"id":155482,"href":"https:\/\/www.caririemacao.com\/1\/wp-json\/wp\/v2\/posts\/155480\/revisions\/155482"}],"wp:featuredmedia":[{"embeddable":true,"href":"https:\/\/www.caririemacao.com\/1\/wp-json\/wp\/v2\/media\/155481"}],"wp:attachment":[{"href":"https:\/\/www.caririemacao.com\/1\/wp-json\/wp\/v2\/media?parent=155480"}],"wp:term":[{"taxonomy":"category","embeddable":true,"href":"https:\/\/www.caririemacao.com\/1\/wp-json\/wp\/v2\/categories?post=155480"},{"taxonomy":"post_tag","embeddable":true,"href":"https:\/\/www.caririemacao.com\/1\/wp-json\/wp\/v2\/tags?post=155480"}],"curies":[{"name":"wp","href":"https:\/\/api.w.org\/{rel}","templated":true}]}}