{"id":155483,"date":"2020-02-27T13:16:53","date_gmt":"2020-02-27T16:16:53","guid":{"rendered":"http:\/\/www.caririemacao.com\/1\/?p=155483"},"modified":"2020-02-27T13:16:54","modified_gmt":"2020-02-27T16:16:54","slug":"justica-mantem-pena-de-13-anos-de-reclusao-a-acusado-de-matar-homem-por-demora-na-entrega-de-cachaca","status":"publish","type":"post","link":"https:\/\/www.caririemacao.com\/1\/2020\/02\/27\/justica-mantem-pena-de-13-anos-de-reclusao-a-acusado-de-matar-homem-por-demora-na-entrega-de-cachaca\/","title":{"rendered":"Justi\u00e7a mant\u00e9m pena de 13 anos de reclus\u00e3o a acusado de matar homem por demora na entrega de cacha\u00e7a"},"content":{"rendered":"\n<p>A&nbsp;C\u00e2mara Criminal do Tribunal de Justi\u00e7a da Para\u00edba manteve a pena&nbsp;e 13 anos de reclus\u00e3o, no regime inicial fechado para&nbsp;Dami\u00e3o Vieira Dantas,&nbsp;por ter matado um homem que demorou a trazer uma cacha\u00e7a que ele pediu para comprar.<\/p>\n\n\n\n<p>A senten\u00e7a proferida pelo 2\u00ba Tribunal do J\u00fari da Capital condenou o r\u00e9u pela pr\u00e1tica do crime de homic\u00eddio qualificado pelo motivo f\u00fatil e por recurso que impossibilitou a defesa da v\u00edtima . A Apela\u00e7\u00e3o Criminal&nbsp;teve relatoria do desembargador Jo\u00e1s de Brito Pereira Filho.<\/p>\n\n\n\n<p>Narram os autos que, em fevereiro de 2018, no Bairro do Mu\u00e7umagro, na Capital, o r\u00e9u pediu a v\u00edtima, Geraldo Ramos dos Santos, para comprar cacha\u00e7a para ele. Por\u00e9m, mesmo trazendo a bebida, o acusado irritou-se com a demora e, quando a v\u00edtima chegou,&nbsp; iniciou uma discuss\u00e3o, agredindo-o e, finalmente, desferiu golpes de faca no t\u00f3rax dele. Ap\u00f3s a a\u00e7\u00e3o, o r\u00e9u fugiu da cena do crime, tendo se escondido na casa da filha. Ap\u00f3s dilig\u00eancias policiais, foi encontrado e preso em flagrante. Ele confessou a autoria do crime.<\/p>\n\n\n\n<p>Ap\u00f3s a senten\u00e7a, a defesa apelou, sustentando que a decis\u00e3o dos jurados foi manifestamente contr\u00e1ria \u00e0s provas dos autos. Por esta raz\u00e3o, pediu um novo julgamento. Alternativamente, requereu o redimensionamento da pena.<\/p>\n\n\n\n<p>O desembargador Jo\u00e1s de Brito, ao analisar o recurso, entendeu que o veredicto proferido pelo J\u00fari Popular n\u00e3o foi contr\u00e1rio \u00e0 prova dos autos, de modo que a pretens\u00e3o da defesa n\u00e3o merecia ser acolhida. \u201cApenas se os elementos probat\u00f3rios n\u00e3o comportam a vers\u00e3o escolhida pelo J\u00fari \u00e9 que poder\u00e1 ser anulada a decis\u00e3o. Constata-se dos autos que a tese acolhida pelos jurados est\u00e1 respaldada nas provas produzidas\u201d, destacou, enfatizando que a materialidade e a autoria do delito restaram comprovadas.<\/p>\n\n\n\n<p>J\u00e1 no tocante \u00e0 san\u00e7\u00e3o aplicada, o relator observou que o quantum da pena estabelecida na senten\u00e7a condenat\u00f3ria efetivou-se de forma absolutamente correta e fundamentada, dentro do poder discricion\u00e1rio do magistrado, em estrita observ\u00e2ncia \u00e0s diretrizes do artigo 59 do C\u00f3digo Penal.<\/p>\n\n\n\n<p>Da decis\u00e3o cabe recurso.<\/p>\n","protected":false},"excerpt":{"rendered":"<p>A&nbsp;C\u00e2mara Criminal do Tribunal de Justi\u00e7a da Para\u00edba manteve a pena&nbsp;e 13 anos de reclus\u00e3o, no regime inicial fechado para&nbsp;Dami\u00e3o Vieira Dantas,&nbsp;por ter matado um&hellip; <\/p>\n","protected":false},"author":2,"featured_media":155484,"comment_status":"closed","ping_status":"closed","sticky":false,"template":"","format":"standard","meta":{"sfsi_plus_gutenberg_text_before_share":"","sfsi_plus_gutenberg_show_text_before_share":"","sfsi_plus_gutenberg_icon_type":"","sfsi_plus_gutenberg_icon_alignemt":"","sfsi_plus_gutenburg_max_per_row":"","footnotes":""},"categories":[12],"tags":[],"class_list":["post-155483","post","type-post","status-publish","format-standard","has-post-thumbnail","hentry","category-policia"],"_links":{"self":[{"href":"https:\/\/www.caririemacao.com\/1\/wp-json\/wp\/v2\/posts\/155483","targetHints":{"allow":["GET"]}}],"collection":[{"href":"https:\/\/www.caririemacao.com\/1\/wp-json\/wp\/v2\/posts"}],"about":[{"href":"https:\/\/www.caririemacao.com\/1\/wp-json\/wp\/v2\/types\/post"}],"author":[{"embeddable":true,"href":"https:\/\/www.caririemacao.com\/1\/wp-json\/wp\/v2\/users\/2"}],"replies":[{"embeddable":true,"href":"https:\/\/www.caririemacao.com\/1\/wp-json\/wp\/v2\/comments?post=155483"}],"version-history":[{"count":1,"href":"https:\/\/www.caririemacao.com\/1\/wp-json\/wp\/v2\/posts\/155483\/revisions"}],"predecessor-version":[{"id":155485,"href":"https:\/\/www.caririemacao.com\/1\/wp-json\/wp\/v2\/posts\/155483\/revisions\/155485"}],"wp:featuredmedia":[{"embeddable":true,"href":"https:\/\/www.caririemacao.com\/1\/wp-json\/wp\/v2\/media\/155484"}],"wp:attachment":[{"href":"https:\/\/www.caririemacao.com\/1\/wp-json\/wp\/v2\/media?parent=155483"}],"wp:term":[{"taxonomy":"category","embeddable":true,"href":"https:\/\/www.caririemacao.com\/1\/wp-json\/wp\/v2\/categories?post=155483"},{"taxonomy":"post_tag","embeddable":true,"href":"https:\/\/www.caririemacao.com\/1\/wp-json\/wp\/v2\/tags?post=155483"}],"curies":[{"name":"wp","href":"https:\/\/api.w.org\/{rel}","templated":true}]}}