{"id":155487,"date":"2020-02-27T13:20:04","date_gmt":"2020-02-27T16:20:04","guid":{"rendered":"http:\/\/www.caririemacao.com\/1\/?p=155487"},"modified":"2020-02-27T13:20:07","modified_gmt":"2020-02-27T16:20:07","slug":"brasil-amplia-lista-de-paises-para-definir-suspeitos-de-coronavirus","status":"publish","type":"post","link":"https:\/\/www.caririemacao.com\/1\/2020\/02\/27\/brasil-amplia-lista-de-paises-para-definir-suspeitos-de-coronavirus\/","title":{"rendered":"Brasil amplia lista de pa\u00edses para definir suspeitos de coronav\u00edrus"},"content":{"rendered":"\n<p>Ap\u00f3s a confirma\u00e7\u00e3o de casos do novo coronav\u00edrus na It\u00e1lia, o Minist\u00e9rio da Sa\u00fade informou hoje (24) que aumentou de 8 para 16 a lista de pa\u00edses para a defini\u00e7\u00e3o de casos suspeitos para o novo coronav\u00edrus no Brasil. Na sexta-feira, o minist\u00e9rio divulgou que a lista de pa\u00edses para a considera\u00e7\u00e3o de casos suspeitos contava com Jap\u00e3o, Singapura, Coreia do Sul, Coreia do Norte, Tail\u00e2ndia, Vietn\u00e3 e Camboja, al\u00e9m da China.<\/p>\n\n\n\n<p>Nesta segunda-feira, a It\u00e1lia registrou cinco mortes pelo novo coronav\u00edrus. Dois idosos, um de 84 e outro de 88 anos, s\u00e3o as mais recentes v\u00edtimas da pneumonia viral. O pa\u00eds j\u00e1 o terceiro com mais casos no mundo, depois da China e da Coreia do Sul.<\/p>\n\n\n\n<p>Com a nova atualiza\u00e7\u00e3o, a lista agora inclui, al\u00e9m da It\u00e1lia, Alemanha, Fran\u00e7a, Austr\u00e1lia, Filipinas, Mal\u00e1sia, Ir\u00e3 e Emirados \u00c1rabes. Com isso,&nbsp; agora, est\u00e3o enquadradas dentro desta defini\u00e7\u00e3o de casos suspeitos as pessoas que viajaram para esses pa\u00edses nos \u00faltimos 14 dias e que apresentarem febre e mais um sintoma gripal, como tosse ou falta de ar.<\/p>\n\n\n\n<blockquote class=\"wp-block-quote is-layout-flow wp-block-quote-is-layout-flow\"><p>&#8220;N\u00e3o estamos fazendo nada diferente do que v\u00ednhamos fazendo com outros pa\u00edses. O que estamos fazendo \u00e9 ampliar a capacidade de identifica\u00e7\u00e3o do v\u00edrus no territ\u00f3rio nacional a partir do hist\u00f3rico de pessoas que foram para esses pa\u00edses&#8221;, disse o secret\u00e1rio de Vigil\u00e2ncia em Sa\u00fade do Minist\u00e9rio da Sa\u00fade, Wanderson de Oliveira.<\/p><\/blockquote>\n\n\n\n<p>Audio Player00:0000:00<\/p>\n\n\n\n<h6 class=\"wp-block-heading\">Minist\u00e9rio da Sa\u00fade aumenta lista de pa\u00edses em alerta para o coronav\u00edrus &#8211;&nbsp;<a href=\"http:\/\/radioagencianacional.ebc.com.br\/saude\/audio\/2020-02\/ministerio-da-saude-aumenta-lista-de-paises-em-alerta-para-o-coronavirus\" target=\"_blank\" rel=\"noreferrer noopener\">Radioag\u00eancia Nacional<\/a><br><\/h6>\n\n\n\n<p>Oliveira disse ainda que a transmiss\u00e3o interna de casos nos pa\u00edses motivou a amplia\u00e7\u00e3o da lista que ela vai continuar passando por atualiza\u00e7\u00f5es, podendo o n\u00famero de pa\u00edses aumentar ou diminuir, a depender da evolu\u00e7\u00e3o epidemiol\u00f3gica do v\u00edrus no local.<\/p>\n\n\n\n<p>Segundo secret\u00e1rio, a partir da atualiza\u00e7\u00e3o da lista, os profissionais que trabalham em locais de entrada de pessoas no pa\u00eds, como portos e aeroportos devem prestar mais aten\u00e7\u00e3o nas pessoas que chegam desses locais e venham a apresentar sintomas de doen\u00e7as respirat\u00f3ria. Oliveira disse que n\u00e3o h\u00e1 recomenda\u00e7\u00e3o do governo para que as pessoas n\u00e3o viagem para esses pa\u00edses, como no caso da China, que est\u00e1 em quarentena.<\/p>\n\n\n\n<blockquote class=\"wp-block-quote is-layout-flow wp-block-quote-is-layout-flow\"><p>&#8220;Se algu\u00e9m vem destes pa\u00edses \u00e9 importante que o profissional de sa\u00fade esteja atento para os sintomas&#8221;, disse.<\/p><p>&#8220;N\u00e3o est\u00e3o proibidas viagens para estes locais, mas a gente refor\u00e7a as recomenda\u00e7\u00f5es de que se a pessoa apresentar algum sintoma [similar ao do novo coronav\u00edrus], n\u00e3o viajar, n\u00e3o ir a locais p\u00fablicos, trabalhar ou ir a escola e procurar uma unidade de sa\u00fade&#8221;, afirmou.<\/p><\/blockquote>\n\n\n\n<h2 class=\"wp-block-heading\">G-20<\/h2>\n\n\n\n<p>A expans\u00e3o do v\u00edrus para outros pa\u00edses provocou&nbsp;<a href=\"http:\/\/agenciabrasil.ebc.com.br\/internacional\/noticia\/2020-02\/g-20-diz-que-novo-coronavirus-e-risco-para-economia-global\" target=\"_blank\" rel=\"noreferrer noopener\">rea\u00e7\u00e3o do G-20<\/a>, grupo que re\u00fane os pa\u00edses com as maiores economia do mundo. Ontem (23), os ministros das Finan\u00e7as do G-20 e presidentes de bancos centrais declararam que coronav\u00edrus constitui novo risco para a economia global e concordaram em adotar pol\u00edticas adequadas.<\/p>\n\n\n\n<h2 class=\"wp-block-heading\">Casos do novo coronav\u00edrus<\/h2>\n\n\n\n<p>Os dados mais recentes da Organiza\u00e7\u00e3o Mundial de Sa\u00fade (OMS) registram 79.407 casos do novo coronav\u00edrus, em 32 pa\u00edses, com 2.622 \u00f3bitos. A grande maioria dos casos se concentra na China.&nbsp;<\/p>\n\n\n\n<p>No Brasil, o Minist\u00e9rio da Sa\u00fade informou que descartou 54 casos e que est\u00e1 investigando atualmente quatro casos, dos quais um no Rio da Janeiro e tr\u00eas em S\u00e3o Paulo.<\/p>\n\n\n\n<p>Questionado se o Brasil deveria adotar medidas mais restritivas, o secret\u00e1rio disse que todas as medidas recomendadas para a preven\u00e7\u00e3o da doen\u00e7a est\u00e3o sendo tomadas.<\/p>\n\n\n\n<blockquote class=\"wp-block-quote is-layout-flow wp-block-quote-is-layout-flow\"><p>&#8220;\u00c9 preciso deixar claro que o nosso sistema de sa\u00fade est\u00e1 preparado&#8221;, disse Oliveira.<\/p><\/blockquote>\n\n\n\n<p>Com o surgimento do novo coronav\u00edrus, a Ag\u00eancia Nacional de Vigil\u00e2ncia Sanit\u00e1ria (Anvisa) e o Minist\u00e9rio da Sa\u00fade atualizaram os crit\u00e9rios de&nbsp;<a href=\"http:\/\/agenciabrasil.ebc.com.br\/saude\/noticia\/2020-02\/coronavirus-brasil-atualiza-criterios-de-doacao-nos-bancos-de-sangue\" target=\"_blank\" rel=\"noreferrer noopener\">doa\u00e7\u00e3o nos bancos de sangue<\/a>&nbsp;como uma a\u00e7\u00e3o preventiva em todo pa\u00eds.<\/p>\n\n\n\n<p>A triagem cl\u00ednica j\u00e1 inclu\u00eda a verifica\u00e7\u00e3o de dengue, chikungunya e zika. A atualiza\u00e7\u00e3o deste ano incluiu o Covid-19 e outras varia\u00e7\u00f5es como a S\u00edndrome Respirat\u00f3ria Aguda Grave (Sars) e a S\u00edndrome Respirat\u00f3ria do Oriente M\u00e9dio (Mers).<\/p>\n\n\n\n<p>Pessoas que estiveram em regi\u00f5es com casos confirmados de coronav\u00edrus n\u00e3o poder\u00e3o doar sangue pelo prazo de 30 dias, a contar do retorno das \u00e1reas afetadas pela epidemia. O prazo tamb\u00e9m ser\u00e1 aplicado a quem teve contato com paciente infectado ou com suspeita da doen\u00e7a.<\/p>\n\n\n\n<p>Aqueles pacientes que tiveram a doen\u00e7a, s\u00f3 poder\u00e3o doar sangue 90 dias depois da completa recupera\u00e7\u00e3o. A regra n\u00e3o se aplica a doadores que tiveram resfriado comum.<\/p>\n\n\n\n<h2 class=\"wp-block-heading\">Quarentena em An\u00e1polis<\/h2>\n\n\n\n<p>Ontem, o grupo de 58 repatriados da China que estava em quarentena na Base A\u00e9rea de An\u00e1polis foi&nbsp;<a href=\"http:\/\/agenciabrasil.ebc.com.br\/saude\/noticia\/2020-02\/coronavirus-brasileiros-deixam-quarentena-na-base-aerea-de-anapolis\" target=\"_blank\" rel=\"noreferrer noopener\">liberado<\/a>. Antes de embarcarem em avi\u00f5es da For\u00e7a A\u00e9rea Brasileira (FAB), em An\u00e1polis, para as suas cidades, os repatriados participaram de um caf\u00e9 da manh\u00e3 de despedida e de uma cerim\u00f4nia, com a presen\u00e7a do ministro da Defesa, Fernando Azevedo; do governador do Estado de Goi\u00e1s, Ronaldo Caiado; e do prefeito de An\u00e1polis, Roberto Naves.<\/p>\n","protected":false},"excerpt":{"rendered":"<p>Ap\u00f3s a confirma\u00e7\u00e3o de casos do novo coronav\u00edrus na It\u00e1lia, o Minist\u00e9rio da Sa\u00fade informou hoje (24) que aumentou de 8 para 16 a lista&hellip; <\/p>\n","protected":false},"author":2,"featured_media":155488,"comment_status":"closed","ping_status":"closed","sticky":false,"template":"","format":"standard","meta":{"sfsi_plus_gutenberg_text_before_share":"","sfsi_plus_gutenberg_show_text_before_share":"","sfsi_plus_gutenberg_icon_type":"","sfsi_plus_gutenberg_icon_alignemt":"","sfsi_plus_gutenburg_max_per_row":"","footnotes":""},"categories":[2],"tags":[],"class_list":["post-155487","post","type-post","status-publish","format-standard","has-post-thumbnail","hentry","category-geral"],"_links":{"self":[{"href":"https:\/\/www.caririemacao.com\/1\/wp-json\/wp\/v2\/posts\/155487","targetHints":{"allow":["GET"]}}],"collection":[{"href":"https:\/\/www.caririemacao.com\/1\/wp-json\/wp\/v2\/posts"}],"about":[{"href":"https:\/\/www.caririemacao.com\/1\/wp-json\/wp\/v2\/types\/post"}],"author":[{"embeddable":true,"href":"https:\/\/www.caririemacao.com\/1\/wp-json\/wp\/v2\/users\/2"}],"replies":[{"embeddable":true,"href":"https:\/\/www.caririemacao.com\/1\/wp-json\/wp\/v2\/comments?post=155487"}],"version-history":[{"count":1,"href":"https:\/\/www.caririemacao.com\/1\/wp-json\/wp\/v2\/posts\/155487\/revisions"}],"predecessor-version":[{"id":155489,"href":"https:\/\/www.caririemacao.com\/1\/wp-json\/wp\/v2\/posts\/155487\/revisions\/155489"}],"wp:featuredmedia":[{"embeddable":true,"href":"https:\/\/www.caririemacao.com\/1\/wp-json\/wp\/v2\/media\/155488"}],"wp:attachment":[{"href":"https:\/\/www.caririemacao.com\/1\/wp-json\/wp\/v2\/media?parent=155487"}],"wp:term":[{"taxonomy":"category","embeddable":true,"href":"https:\/\/www.caririemacao.com\/1\/wp-json\/wp\/v2\/categories?post=155487"},{"taxonomy":"post_tag","embeddable":true,"href":"https:\/\/www.caririemacao.com\/1\/wp-json\/wp\/v2\/tags?post=155487"}],"curies":[{"name":"wp","href":"https:\/\/api.w.org\/{rel}","templated":true}]}}