{"id":155491,"date":"2020-02-27T13:22:57","date_gmt":"2020-02-27T16:22:57","guid":{"rendered":"http:\/\/www.caririemacao.com\/1\/?p=155491"},"modified":"2020-02-27T13:23:00","modified_gmt":"2020-02-27T16:23:00","slug":"cientistas-descartam-que-coronavirus-tenha-origem-em-mercado-em-wuhan","status":"publish","type":"post","link":"https:\/\/www.caririemacao.com\/1\/2020\/02\/27\/cientistas-descartam-que-coronavirus-tenha-origem-em-mercado-em-wuhan\/","title":{"rendered":"Cientistas descartam que coronav\u00edrus tenha origem em mercado em Wuhan"},"content":{"rendered":"\n<p>Pesquisadores na China afirmam que estudos gen\u00e9ticos mostram que o novo coronav\u00edrus n\u00e3o teve origem em um mercado de frutos do mar em Wuhan, na prov\u00edncia de Hubei, como suspeitava-se inicialmente.<\/p>\n\n\n\n<p>O Jardim Bot\u00e2nico Tropical Xishuangbanna da Academia Chinesa de Ci\u00eancias publicou em seu&nbsp;<em>site<\/em>&nbsp;na internet os resultados de estudos conjuntos com pesquisadores de universidades do pa\u00eds.<\/p>\n\n\n\n<p>Eles afirmam ter analisado dados gen\u00e9ticos de 93 amostras do v\u00edrus coletadas em 12 pa\u00edses.<\/p>\n\n\n\n<p>Segundo os resultados, o v\u00edrus encontrado no mercado em Wuhan espalhou-se rapidamente a partir daquele local, mas teria vindo originalmente de um outro lugar.<\/p>\n\n\n\n<p>Os pesquisadores afirmam que a conclus\u00e3o que descartou o mercado como epicentro da epidemia \u00e9 baseada na an\u00e1lise do momento em que os pacientes ficaram doentes.<\/p>\n\n\n\n<p>O grupo acrescenta que houve aparentemente duas ocasi\u00f5es em que o v\u00edrus se alastrou, primeiro em 8 de dezembro e de novo em 6 de janeiro. De acordo com o estudo, transmiss\u00f5es entre humanos podem ter tido in\u00edcio no come\u00e7o de dezembro ou at\u00e9 mesmo no fim de novembro.<\/p>\n\n\n\n<p>Ainda segundo os pesquisadores, caso um alerta amplo e significativo tivesse sido feito logo ap\u00f3s o crescimento no n\u00famero de casos no in\u00edcio de janeiro, o alastramento das infec\u00e7\u00f5es pelo mundo que acabou ocorrendo a partir do fim daquele m\u00eas poderia ter sido menor.<\/p>\n\n\n\n<h2 class=\"wp-block-heading\">Mortes<\/h2>\n\n\n\n<p>Autoridades sanit\u00e1rias chinesas anunciaram neste domingo (23) que mais 97 pessoas morreram ap\u00f3s serem infectadas pelo novo coronav\u00edrus. Com a atualiza\u00e7\u00e3o, o n\u00famero total de mortes causadas pela doen\u00e7a na China continental chegou a 2.442. A maioria das v\u00edtimas morava na prov\u00edncia de Hubei.<\/p>\n\n\n\n<p>Ao mesmo tempo, outras prov\u00edncias chinesas reduziram o n\u00edvel de emerg\u00eancia de sa\u00fade p\u00fablica ap\u00f3s notarem uma queda no n\u00famero de novos casos.<\/p>\n\n\n\n<p>No s\u00e1bado (22), a prov\u00edncia de Liaoning, no nordeste chin\u00eas, anunciou que baixou o n\u00edvel de 1, o patamar mais perigoso, para 3 em uma escala onde o n\u00famero 4 \u00e9 o menos grave. O governo de Liaoning disse que nenhum caso novo do v\u00edrus foi detectado desde segunda-feira (17).<\/p>\n\n\n\n<p>O novo coronav\u00edrus j\u00e1 se espalhou para cerca de 30 pa\u00edses e territ\u00f3rios pelo mundo.<\/p>\n","protected":false},"excerpt":{"rendered":"<p>Pesquisadores na China afirmam que estudos gen\u00e9ticos mostram que o novo coronav\u00edrus n\u00e3o teve origem em um mercado de frutos do mar em Wuhan, na&hellip; <\/p>\n","protected":false},"author":2,"featured_media":155492,"comment_status":"closed","ping_status":"closed","sticky":false,"template":"","format":"standard","meta":{"sfsi_plus_gutenberg_text_before_share":"","sfsi_plus_gutenberg_show_text_before_share":"","sfsi_plus_gutenberg_icon_type":"","sfsi_plus_gutenberg_icon_alignemt":"","sfsi_plus_gutenburg_max_per_row":"","footnotes":""},"categories":[2],"tags":[],"class_list":["post-155491","post","type-post","status-publish","format-standard","has-post-thumbnail","hentry","category-geral"],"_links":{"self":[{"href":"https:\/\/www.caririemacao.com\/1\/wp-json\/wp\/v2\/posts\/155491","targetHints":{"allow":["GET"]}}],"collection":[{"href":"https:\/\/www.caririemacao.com\/1\/wp-json\/wp\/v2\/posts"}],"about":[{"href":"https:\/\/www.caririemacao.com\/1\/wp-json\/wp\/v2\/types\/post"}],"author":[{"embeddable":true,"href":"https:\/\/www.caririemacao.com\/1\/wp-json\/wp\/v2\/users\/2"}],"replies":[{"embeddable":true,"href":"https:\/\/www.caririemacao.com\/1\/wp-json\/wp\/v2\/comments?post=155491"}],"version-history":[{"count":1,"href":"https:\/\/www.caririemacao.com\/1\/wp-json\/wp\/v2\/posts\/155491\/revisions"}],"predecessor-version":[{"id":155493,"href":"https:\/\/www.caririemacao.com\/1\/wp-json\/wp\/v2\/posts\/155491\/revisions\/155493"}],"wp:featuredmedia":[{"embeddable":true,"href":"https:\/\/www.caririemacao.com\/1\/wp-json\/wp\/v2\/media\/155492"}],"wp:attachment":[{"href":"https:\/\/www.caririemacao.com\/1\/wp-json\/wp\/v2\/media?parent=155491"}],"wp:term":[{"taxonomy":"category","embeddable":true,"href":"https:\/\/www.caririemacao.com\/1\/wp-json\/wp\/v2\/categories?post=155491"},{"taxonomy":"post_tag","embeddable":true,"href":"https:\/\/www.caririemacao.com\/1\/wp-json\/wp\/v2\/tags?post=155491"}],"curies":[{"name":"wp","href":"https:\/\/api.w.org\/{rel}","templated":true}]}}