{"id":155496,"date":"2020-02-27T15:15:58","date_gmt":"2020-02-27T18:15:58","guid":{"rendered":"http:\/\/www.caririemacao.com\/1\/?p=155496"},"modified":"2020-02-27T15:16:00","modified_gmt":"2020-02-27T18:16:00","slug":"jefferson-roberto-assina-convenio-com-secretaria-de-seguranca-para-garantir-policiamento-no-municipio","status":"publish","type":"post","link":"https:\/\/www.caririemacao.com\/1\/2020\/02\/27\/jefferson-roberto-assina-convenio-com-secretaria-de-seguranca-para-garantir-policiamento-no-municipio\/","title":{"rendered":"Jefferson Roberto assina conv\u00eanio com Secretaria de Seguran\u00e7a para garantir policiamento no munic\u00edpio"},"content":{"rendered":"\n<p>O prefeito Jefferson Roberto assinou um Termo de Acordo de Coopera\u00e7\u00e3o da Prefeitura de S\u00e3o Jos\u00e9 dos Cordeiros com a Secretaria Estadual de Seguran\u00e7a e Defesa Social. O termo \u00e9 um documento legal, que garante investimentos por parte do munic\u00edpio na assist\u00eancia \u00e0s for\u00e7as policiais que atuam na cidade.<\/p>\n\n\n\n<p>O gestor explicou que a Prefeitura colabora com aluguel, refei\u00e7\u00f5es, energia e outros benef\u00edcios para a manuten\u00e7\u00e3o do posto policial local e a Secretaria garante os profissionais para atuar na defesa da popula\u00e7\u00e3o cordeirense. A Prefeitura investe mensalmente quase R$ 2 mil para a manuten\u00e7\u00e3o dos servi\u00e7os.<\/p>\n\n\n\n<p>Segundo o prefeito Jefferson Roberto, a parceria \u00e9 fundamental para a presen\u00e7a policial no munic\u00edpio e \u00e9 atrav\u00e9s de acordos entre entes que os servi\u00e7os p\u00fablicos podem ser prestados com efic\u00e1cia em favor das pessoas. \u201cA Prefeitura recebe recursos oriundos dos impostos da nossa popula\u00e7\u00e3o. Os desafios diante das despesas s\u00e3o enormes, mas fazemos um esfor\u00e7o coletivo para assistir em todas as \u00e1reas as principais necessidades de nosso povo\u201d, destacou.<\/p>\n","protected":false},"excerpt":{"rendered":"<p>O prefeito Jefferson Roberto assinou um Termo de Acordo de Coopera\u00e7\u00e3o da Prefeitura de S\u00e3o Jos\u00e9 dos Cordeiros com a Secretaria Estadual de Seguran\u00e7a e&hellip; <\/p>\n","protected":false},"author":2,"featured_media":155497,"comment_status":"closed","ping_status":"closed","sticky":false,"template":"","format":"standard","meta":{"sfsi_plus_gutenberg_text_before_share":"","sfsi_plus_gutenberg_show_text_before_share":"","sfsi_plus_gutenberg_icon_type":"","sfsi_plus_gutenberg_icon_alignemt":"","sfsi_plus_gutenburg_max_per_row":"","footnotes":""},"categories":[6],"tags":[],"class_list":["post-155496","post","type-post","status-publish","format-standard","has-post-thumbnail","hentry","category-cidades"],"_links":{"self":[{"href":"https:\/\/www.caririemacao.com\/1\/wp-json\/wp\/v2\/posts\/155496","targetHints":{"allow":["GET"]}}],"collection":[{"href":"https:\/\/www.caririemacao.com\/1\/wp-json\/wp\/v2\/posts"}],"about":[{"href":"https:\/\/www.caririemacao.com\/1\/wp-json\/wp\/v2\/types\/post"}],"author":[{"embeddable":true,"href":"https:\/\/www.caririemacao.com\/1\/wp-json\/wp\/v2\/users\/2"}],"replies":[{"embeddable":true,"href":"https:\/\/www.caririemacao.com\/1\/wp-json\/wp\/v2\/comments?post=155496"}],"version-history":[{"count":1,"href":"https:\/\/www.caririemacao.com\/1\/wp-json\/wp\/v2\/posts\/155496\/revisions"}],"predecessor-version":[{"id":155498,"href":"https:\/\/www.caririemacao.com\/1\/wp-json\/wp\/v2\/posts\/155496\/revisions\/155498"}],"wp:featuredmedia":[{"embeddable":true,"href":"https:\/\/www.caririemacao.com\/1\/wp-json\/wp\/v2\/media\/155497"}],"wp:attachment":[{"href":"https:\/\/www.caririemacao.com\/1\/wp-json\/wp\/v2\/media?parent=155496"}],"wp:term":[{"taxonomy":"category","embeddable":true,"href":"https:\/\/www.caririemacao.com\/1\/wp-json\/wp\/v2\/categories?post=155496"},{"taxonomy":"post_tag","embeddable":true,"href":"https:\/\/www.caririemacao.com\/1\/wp-json\/wp\/v2\/tags?post=155496"}],"curies":[{"name":"wp","href":"https:\/\/api.w.org\/{rel}","templated":true}]}}