{"id":155503,"date":"2020-02-27T15:17:15","date_gmt":"2020-02-27T18:17:15","guid":{"rendered":"http:\/\/www.caririemacao.com\/1\/?p=155503"},"modified":"2020-02-27T15:17:17","modified_gmt":"2020-02-27T18:17:17","slug":"quem-sera-o-candidato-a-prefeito-da-oposicao-em-sao-joao-do-cariri","status":"publish","type":"post","link":"https:\/\/www.caririemacao.com\/1\/2020\/02\/27\/quem-sera-o-candidato-a-prefeito-da-oposicao-em-sao-joao-do-cariri\/","title":{"rendered":"Quem ser\u00e1 o candidato a prefeito da oposi\u00e7\u00e3o em S\u00e3o Jo\u00e3o do Cariri?"},"content":{"rendered":"\n<p>Ainda n\u00e3o est\u00e1 definido o nome que vai disputar a Prefeitura de S\u00e3o Jo\u00e3o do Cariri pela oposi\u00e7\u00e3o, nas elei\u00e7\u00f5es municipais deste ano, como candidato a prefeito.<\/p>\n\n\n\n<p>Atualmente existem dois nomes apresentados como pr\u00e9-candidatos: George Aquino, vereador e representante do projeto do Governo do Estado na cidade e o ex-prefeito Beto Medeiros, que j\u00e1 faz articula\u00e7\u00f5es para concorrer com o apoio de todo o grupo.<\/p>\n\n\n\n<p>No cen\u00e1rio atual, ainda n\u00e3o se sabe qual ser\u00e1 o nome que unir\u00e1 todo o grupo de oposi\u00e7\u00e3o para disputar com o prefeito H\u00e9lder Trajano, candidato natural \u00e0 reelei\u00e7\u00e3o.<\/p>\n\n\n\n<p><strong>Blog do Bruno Lira<\/strong><\/p>\n","protected":false},"excerpt":{"rendered":"<p>Ainda n\u00e3o est\u00e1 definido o nome que vai disputar a Prefeitura de S\u00e3o Jo\u00e3o do Cariri pela oposi\u00e7\u00e3o, nas elei\u00e7\u00f5es municipais deste ano, como candidato&hellip; <\/p>\n","protected":false},"author":2,"featured_media":155506,"comment_status":"closed","ping_status":"closed","sticky":false,"template":"","format":"standard","meta":{"sfsi_plus_gutenberg_text_before_share":"","sfsi_plus_gutenberg_show_text_before_share":"","sfsi_plus_gutenberg_icon_type":"","sfsi_plus_gutenberg_icon_alignemt":"","sfsi_plus_gutenburg_max_per_row":"","footnotes":""},"categories":[2],"tags":[],"class_list":["post-155503","post","type-post","status-publish","format-standard","has-post-thumbnail","hentry","category-geral"],"_links":{"self":[{"href":"https:\/\/www.caririemacao.com\/1\/wp-json\/wp\/v2\/posts\/155503","targetHints":{"allow":["GET"]}}],"collection":[{"href":"https:\/\/www.caririemacao.com\/1\/wp-json\/wp\/v2\/posts"}],"about":[{"href":"https:\/\/www.caririemacao.com\/1\/wp-json\/wp\/v2\/types\/post"}],"author":[{"embeddable":true,"href":"https:\/\/www.caririemacao.com\/1\/wp-json\/wp\/v2\/users\/2"}],"replies":[{"embeddable":true,"href":"https:\/\/www.caririemacao.com\/1\/wp-json\/wp\/v2\/comments?post=155503"}],"version-history":[{"count":1,"href":"https:\/\/www.caririemacao.com\/1\/wp-json\/wp\/v2\/posts\/155503\/revisions"}],"predecessor-version":[{"id":155507,"href":"https:\/\/www.caririemacao.com\/1\/wp-json\/wp\/v2\/posts\/155503\/revisions\/155507"}],"wp:featuredmedia":[{"embeddable":true,"href":"https:\/\/www.caririemacao.com\/1\/wp-json\/wp\/v2\/media\/155506"}],"wp:attachment":[{"href":"https:\/\/www.caririemacao.com\/1\/wp-json\/wp\/v2\/media?parent=155503"}],"wp:term":[{"taxonomy":"category","embeddable":true,"href":"https:\/\/www.caririemacao.com\/1\/wp-json\/wp\/v2\/categories?post=155503"},{"taxonomy":"post_tag","embeddable":true,"href":"https:\/\/www.caririemacao.com\/1\/wp-json\/wp\/v2\/tags?post=155503"}],"curies":[{"name":"wp","href":"https:\/\/api.w.org\/{rel}","templated":true}]}}