{"id":155508,"date":"2020-02-27T15:44:42","date_gmt":"2020-02-27T18:44:42","guid":{"rendered":"http:\/\/www.caririemacao.com\/1\/?p=155508"},"modified":"2020-02-27T15:44:44","modified_gmt":"2020-02-27T18:44:44","slug":"arquidiocese-da-paraiba-recomenda-que-fieis-nao-recebam-hostia-na-boca-e-evitem-contato-durante-as-celebracoes","status":"publish","type":"post","link":"https:\/\/www.caririemacao.com\/1\/2020\/02\/27\/arquidiocese-da-paraiba-recomenda-que-fieis-nao-recebam-hostia-na-boca-e-evitem-contato-durante-as-celebracoes\/","title":{"rendered":"Arquidiocese da Para\u00edba recomenda que fi\u00e9is n\u00e3o recebam h\u00f3stia na boca e evitem contato durante as celebra\u00e7\u00f5es"},"content":{"rendered":"\n<p>A Arquidiocese da Para\u00edba recomendou aos l\u00edderes religiosos e aos fi\u00e9is que evitem contato durante as celebra\u00e7\u00f5es das missas. A recomenda\u00e7\u00e3o acontece ap\u00f3s ser divulgado nesta quarta-feira (26), o&nbsp;primeiro caso suspeito de coronav\u00edrus na Para\u00edba.<\/p>\n\n\n\n<p>De acordo com a Arquidiocese, deve ser evitado o abra\u00e7o da paz ou aperto de m\u00e3o, receber a comunh\u00e3o na boca, e sim na m\u00e3o e&nbsp;evitar das as m\u00e3os durante a ora\u00e7\u00e3o do Pai Nosso.&nbsp;&nbsp;<\/p>\n\n\n\n<p>N\u00e3o houve altera\u00e7\u00e3o no calend\u00e1rio de missas ou celebra\u00e7\u00f5es devido a suspeita de coronav\u00edrus na Para\u00edba.<\/p>\n\n\n\n<p><em>com ClickPB<\/em><\/p>\n\n\n\n<p><em>Foto: Can\u00e7\u00e3o Nova<\/em><\/p>\n","protected":false},"excerpt":{"rendered":"<p>A Arquidiocese da Para\u00edba recomendou aos l\u00edderes religiosos e aos fi\u00e9is que evitem contato durante as celebra\u00e7\u00f5es das missas. A recomenda\u00e7\u00e3o acontece ap\u00f3s ser divulgado&hellip; <\/p>\n","protected":false},"author":2,"featured_media":155509,"comment_status":"closed","ping_status":"closed","sticky":false,"template":"","format":"standard","meta":{"sfsi_plus_gutenberg_text_before_share":"","sfsi_plus_gutenberg_show_text_before_share":"","sfsi_plus_gutenberg_icon_type":"","sfsi_plus_gutenberg_icon_alignemt":"","sfsi_plus_gutenburg_max_per_row":"","footnotes":""},"categories":[2],"tags":[],"class_list":["post-155508","post","type-post","status-publish","format-standard","has-post-thumbnail","hentry","category-geral"],"_links":{"self":[{"href":"https:\/\/www.caririemacao.com\/1\/wp-json\/wp\/v2\/posts\/155508","targetHints":{"allow":["GET"]}}],"collection":[{"href":"https:\/\/www.caririemacao.com\/1\/wp-json\/wp\/v2\/posts"}],"about":[{"href":"https:\/\/www.caririemacao.com\/1\/wp-json\/wp\/v2\/types\/post"}],"author":[{"embeddable":true,"href":"https:\/\/www.caririemacao.com\/1\/wp-json\/wp\/v2\/users\/2"}],"replies":[{"embeddable":true,"href":"https:\/\/www.caririemacao.com\/1\/wp-json\/wp\/v2\/comments?post=155508"}],"version-history":[{"count":1,"href":"https:\/\/www.caririemacao.com\/1\/wp-json\/wp\/v2\/posts\/155508\/revisions"}],"predecessor-version":[{"id":155510,"href":"https:\/\/www.caririemacao.com\/1\/wp-json\/wp\/v2\/posts\/155508\/revisions\/155510"}],"wp:featuredmedia":[{"embeddable":true,"href":"https:\/\/www.caririemacao.com\/1\/wp-json\/wp\/v2\/media\/155509"}],"wp:attachment":[{"href":"https:\/\/www.caririemacao.com\/1\/wp-json\/wp\/v2\/media?parent=155508"}],"wp:term":[{"taxonomy":"category","embeddable":true,"href":"https:\/\/www.caririemacao.com\/1\/wp-json\/wp\/v2\/categories?post=155508"},{"taxonomy":"post_tag","embeddable":true,"href":"https:\/\/www.caririemacao.com\/1\/wp-json\/wp\/v2\/tags?post=155508"}],"curies":[{"name":"wp","href":"https:\/\/api.w.org\/{rel}","templated":true}]}}