{"id":155525,"date":"2020-02-28T06:41:23","date_gmt":"2020-02-28T09:41:23","guid":{"rendered":"http:\/\/www.caririemacao.com\/1\/?p=155525"},"modified":"2020-02-28T06:41:25","modified_gmt":"2020-02-28T09:41:25","slug":"casos-de-suspeita-de-coronavirus-no-brasil-passam-de-130","status":"publish","type":"post","link":"https:\/\/www.caririemacao.com\/1\/2020\/02\/28\/casos-de-suspeita-de-coronavirus-no-brasil-passam-de-130\/","title":{"rendered":"Casos de suspeita de coronav\u00edrus no Brasil passam de 130"},"content":{"rendered":"\n<p>&nbsp;O n\u00famero de casos de suspeita de infec\u00e7\u00e3o por coronav\u00edrus no Brasil disparou nas \u00faltimas horas e chegou a 132 nesta quinta-feira (27) \u2013 eram 20 na quarta. Outras 213 notifica\u00e7\u00f5es ainda n\u00e3o foram analisadas, mas, segundo o Minist\u00e9rio da Sa\u00fade, esse volume deve incrementar as suspeitas.<\/p>\n\n\n\n<p>O Brasil tem apenas um caso confirmado, de um um homem de 61 anos de S\u00e3o Paulo. Ele esteve na It\u00e1lia, um dos pa\u00edses com mais casos.<\/p>\n\n\n\n<p>Segundo o secret\u00e1rio-executivo do Minist\u00e9rio da Sa\u00fade, Jo\u00e3o Gabbardo (foto), o aumento de casos de suspeita de infec\u00e7\u00e3o no Brasil se deve \u00e0 amplia\u00e7\u00e3o de pa\u00edses com casos confirmados. J\u00e1 h\u00e1 mais de 81 mil casos confirmados em 37 pa\u00edses. O n\u00famero de mortes chega a 2.918 em todo mundo.<\/p>\n\n\n\n<p>Dos 132 casos classificados como suspeitos no Brasil, 121 t\u00eam hist\u00f3rico de viagens para China, It\u00e1lia ou Jap\u00e3o. Oito deles tiveram contatos com casos de suspeita no Brasil e outros 3 s\u00e3o pessoas com contatos com o homem infectado.<\/p>\n\n\n\n<p>\u201cA grande maioria dos 213 casos em an\u00e1lise deve entrar na lista de suspeitos\u201d, disse Gabbardo. \u201cOs estados nos mandaram e entenderam que s\u00e3o casos suspeitos, mas n\u00e3o tivemos tempo suficiente para an\u00e1lise pormenorizada\u201d, disse Gabbardo.<\/p>\n\n\n\n<p>H\u00e1 10 estados com casos de suspeita: S\u00e3o Paulo (55), Rio Grande do Sul (24), Rio de Janeiro (9), Santa Catarina (8), Paran\u00e1 (5), Minas Gerais (5), Distrito Federal (5), Goi\u00e1s (3), Mato Grosso do Sul (2) e Esp\u00edrito Santo.<\/p>\n\n\n\n<p>H\u00e1 ainda um&nbsp;<a href=\"https:\/\/paraibaonline.com.br\/2020\/02\/diretora-de-hospital-atualiza-quadro-clinico-de-paciente-com-suspeita-de-coronavirus\/\">caso suspeito na Para\u00edba<\/a>.<\/p>\n","protected":false},"excerpt":{"rendered":"<p>&nbsp;O n\u00famero de casos de suspeita de infec\u00e7\u00e3o por coronav\u00edrus no Brasil disparou nas \u00faltimas horas e chegou a 132 nesta quinta-feira (27) \u2013 eram&hellip; <\/p>\n","protected":false},"author":2,"featured_media":155526,"comment_status":"closed","ping_status":"closed","sticky":false,"template":"","format":"standard","meta":{"sfsi_plus_gutenberg_text_before_share":"","sfsi_plus_gutenberg_show_text_before_share":"","sfsi_plus_gutenberg_icon_type":"","sfsi_plus_gutenberg_icon_alignemt":"","sfsi_plus_gutenburg_max_per_row":"","footnotes":""},"categories":[2],"tags":[],"class_list":["post-155525","post","type-post","status-publish","format-standard","has-post-thumbnail","hentry","category-geral"],"_links":{"self":[{"href":"https:\/\/www.caririemacao.com\/1\/wp-json\/wp\/v2\/posts\/155525","targetHints":{"allow":["GET"]}}],"collection":[{"href":"https:\/\/www.caririemacao.com\/1\/wp-json\/wp\/v2\/posts"}],"about":[{"href":"https:\/\/www.caririemacao.com\/1\/wp-json\/wp\/v2\/types\/post"}],"author":[{"embeddable":true,"href":"https:\/\/www.caririemacao.com\/1\/wp-json\/wp\/v2\/users\/2"}],"replies":[{"embeddable":true,"href":"https:\/\/www.caririemacao.com\/1\/wp-json\/wp\/v2\/comments?post=155525"}],"version-history":[{"count":1,"href":"https:\/\/www.caririemacao.com\/1\/wp-json\/wp\/v2\/posts\/155525\/revisions"}],"predecessor-version":[{"id":155527,"href":"https:\/\/www.caririemacao.com\/1\/wp-json\/wp\/v2\/posts\/155525\/revisions\/155527"}],"wp:featuredmedia":[{"embeddable":true,"href":"https:\/\/www.caririemacao.com\/1\/wp-json\/wp\/v2\/media\/155526"}],"wp:attachment":[{"href":"https:\/\/www.caririemacao.com\/1\/wp-json\/wp\/v2\/media?parent=155525"}],"wp:term":[{"taxonomy":"category","embeddable":true,"href":"https:\/\/www.caririemacao.com\/1\/wp-json\/wp\/v2\/categories?post=155525"},{"taxonomy":"post_tag","embeddable":true,"href":"https:\/\/www.caririemacao.com\/1\/wp-json\/wp\/v2\/tags?post=155525"}],"curies":[{"name":"wp","href":"https:\/\/api.w.org\/{rel}","templated":true}]}}