{"id":155532,"date":"2020-02-28T06:53:18","date_gmt":"2020-02-28T09:53:18","guid":{"rendered":"http:\/\/www.caririemacao.com\/1\/?p=155532"},"modified":"2020-02-28T06:53:20","modified_gmt":"2020-02-28T09:53:20","slug":"novo-boletim-paciente-com-suspeita-de-coronavirus-na-paraiba-esta-estavel-e-mantem-tratamento-com-medicamentos","status":"publish","type":"post","link":"https:\/\/www.caririemacao.com\/1\/2020\/02\/28\/novo-boletim-paciente-com-suspeita-de-coronavirus-na-paraiba-esta-estavel-e-mantem-tratamento-com-medicamentos\/","title":{"rendered":"Novo boletim: paciente com suspeita de coronav\u00edrus na Para\u00edba est\u00e1 est\u00e1vel e mant\u00e9m tratamento com medicamentos"},"content":{"rendered":"\n<p>O boletim m\u00e9dico divulgado na tarde desta quinta-feira (27) pelo Hospital Clementino Fraga ao Portal ClickPB revelou que o paciente de 59 anos que est\u00e1 internado com suspeita de infec\u00e7\u00e3o pelo coronav\u00edrus entrou em processo de medica\u00e7\u00e3o. Ele est\u00e1&nbsp;tomando os medicamentos necess\u00e1rios para amenizar os sintomas de pneumonia e outros similares ao do v\u00edrus.&nbsp;Em menos de 24 horas sair\u00e1 a confirma\u00e7\u00e3o ou n\u00e3o se ele est\u00e1 infectado com o&nbsp;novo Coronav\u00edrus, o Covid-19. Esse \u00e9 o primeiro caso suspeito registrado na Para\u00edba.<br><\/p>\n\n\n\n<p>De acordo com o secret\u00e1rio de Sa\u00fade do Estado,&nbsp;Geraldo Medeiros, radiografias&nbsp;apontaram um quadro de&nbsp;pneumonia e o caso foi considerado suspeito porque o paciente come\u00e7ou a sentir os primeiros sintomas da doen\u00e7a durante o per\u00edodo em que estava na It\u00e1lia.<\/p>\n\n\n\n<p>O boletim m\u00e9dico&nbsp;divulgado ainda refor\u00e7a que o paciente est\u00e1 sendo medicado com antibi\u00f3ticos e antivirais.&nbsp;<\/p>\n\n\n\n<p>O homem&nbsp;segue internado desde a&nbsp;ter\u00e7a-feira (25), quando desembarcou no aeroporto de Jo\u00e3o Pessoa vindo da&nbsp;It\u00e1lia na \u00faltima&nbsp;segunda-feira (24). O pa\u00eds europeu j\u00e1 registrou 17 mortes decorrentes do coronav\u00edrus e decretou estado de alerta contra a doen\u00e7a.&nbsp;<\/p>\n\n\n\n<p>Em todo o pa\u00eds, segundo o Minist\u00e9rio da Sa\u00fade, em coletiva de imprensa, feita na tarde desta quinta-feira (27) em rede nacional,&nbsp;o pa\u00eds j\u00e1 chega perto dos 300 casos suspeitos, al\u00e9m de 1 confirmado.&nbsp;<\/p>\n\n\n\n<figure class=\"wp-block-image\"><img decoding=\"async\" data-src=\"https:\/\/www.clickpb.com.br\/media\/filer_public\/11\/ff\/11ff2693-586c-4167-a829-16eb3e660f5f\/screenshot_2.png\" alt=\"\" src=\"data:image\/svg+xml;base64,PHN2ZyB3aWR0aD0iMSIgaGVpZ2h0PSIxIiB4bWxucz0iaHR0cDovL3d3dy53My5vcmcvMjAwMC9zdmciPjwvc3ZnPg==\" class=\"lazyload\" \/><\/figure>\n","protected":false},"excerpt":{"rendered":"<p>O boletim m\u00e9dico divulgado na tarde desta quinta-feira (27) pelo Hospital Clementino Fraga ao Portal ClickPB revelou que o paciente de 59 anos que est\u00e1&hellip; <\/p>\n","protected":false},"author":2,"featured_media":155533,"comment_status":"closed","ping_status":"closed","sticky":false,"template":"","format":"standard","meta":{"sfsi_plus_gutenberg_text_before_share":"","sfsi_plus_gutenberg_show_text_before_share":"","sfsi_plus_gutenberg_icon_type":"","sfsi_plus_gutenberg_icon_alignemt":"","sfsi_plus_gutenburg_max_per_row":"","footnotes":""},"categories":[16],"tags":[],"class_list":["post-155532","post","type-post","status-publish","format-standard","has-post-thumbnail","hentry","category-saude"],"_links":{"self":[{"href":"https:\/\/www.caririemacao.com\/1\/wp-json\/wp\/v2\/posts\/155532","targetHints":{"allow":["GET"]}}],"collection":[{"href":"https:\/\/www.caririemacao.com\/1\/wp-json\/wp\/v2\/posts"}],"about":[{"href":"https:\/\/www.caririemacao.com\/1\/wp-json\/wp\/v2\/types\/post"}],"author":[{"embeddable":true,"href":"https:\/\/www.caririemacao.com\/1\/wp-json\/wp\/v2\/users\/2"}],"replies":[{"embeddable":true,"href":"https:\/\/www.caririemacao.com\/1\/wp-json\/wp\/v2\/comments?post=155532"}],"version-history":[{"count":1,"href":"https:\/\/www.caririemacao.com\/1\/wp-json\/wp\/v2\/posts\/155532\/revisions"}],"predecessor-version":[{"id":155534,"href":"https:\/\/www.caririemacao.com\/1\/wp-json\/wp\/v2\/posts\/155532\/revisions\/155534"}],"wp:featuredmedia":[{"embeddable":true,"href":"https:\/\/www.caririemacao.com\/1\/wp-json\/wp\/v2\/media\/155533"}],"wp:attachment":[{"href":"https:\/\/www.caririemacao.com\/1\/wp-json\/wp\/v2\/media?parent=155532"}],"wp:term":[{"taxonomy":"category","embeddable":true,"href":"https:\/\/www.caririemacao.com\/1\/wp-json\/wp\/v2\/categories?post=155532"},{"taxonomy":"post_tag","embeddable":true,"href":"https:\/\/www.caririemacao.com\/1\/wp-json\/wp\/v2\/tags?post=155532"}],"curies":[{"name":"wp","href":"https:\/\/api.w.org\/{rel}","templated":true}]}}