{"id":155536,"date":"2020-02-28T06:54:56","date_gmt":"2020-02-28T09:54:56","guid":{"rendered":"http:\/\/www.caririemacao.com\/1\/?p=155536"},"modified":"2020-02-28T06:54:58","modified_gmt":"2020-02-28T09:54:58","slug":"campanha-de-vacinacao-na-paraiba-e-antecipada-e-comeca-dia-23-de-marco-confirma-governo","status":"publish","type":"post","link":"https:\/\/www.caririemacao.com\/1\/2020\/02\/28\/campanha-de-vacinacao-na-paraiba-e-antecipada-e-comeca-dia-23-de-marco-confirma-governo\/","title":{"rendered":"Campanha de vacina\u00e7\u00e3o na Para\u00edba \u00e9 antecipada e come\u00e7a dia 23 de mar\u00e7o, confirma Governo"},"content":{"rendered":"\n<p>O governo da Para\u00edba confirmou nesta quinta-feira (27) o in\u00edcio do per\u00edodo de vacina\u00e7\u00e3o contra Influenza no dia 23 de mar\u00e7o. A medida deve facilitar o combate ao coronav\u00edrus.<\/p>\n\n\n\n<p>Em articula\u00e7\u00e3o com o governo de S\u00e3o Paulo, a Secretaria de Sa\u00fade de S\u00e3o Paulo e o Instituto Butant\u00e3, a campanha de vacina\u00e7\u00e3o vai iniciar com 30 dias de anteced\u00eancia.Segundo o ministro da Sa\u00fade, Luiz Henrique Mandetta, com a vacina da gripe, os pacientes que chegarem \u00e0s unidades de sa\u00fade com sintomas gripais e informarem que tomaram a vacina ir\u00e3o facilitar o diagn\u00f3stico do coronav\u00edrus, j\u00e1 que as doen\u00e7as contempladas na vacina n\u00e3o ser\u00e3o consideradas.<\/p>\n","protected":false},"excerpt":{"rendered":"<p>O governo da Para\u00edba confirmou nesta quinta-feira (27) o in\u00edcio do per\u00edodo de vacina\u00e7\u00e3o contra Influenza no dia 23 de mar\u00e7o. A medida deve facilitar&hellip; <\/p>\n","protected":false},"author":2,"featured_media":155537,"comment_status":"closed","ping_status":"closed","sticky":false,"template":"","format":"standard","meta":{"sfsi_plus_gutenberg_text_before_share":"","sfsi_plus_gutenberg_show_text_before_share":"","sfsi_plus_gutenberg_icon_type":"","sfsi_plus_gutenberg_icon_alignemt":"","sfsi_plus_gutenburg_max_per_row":"","footnotes":""},"categories":[2],"tags":[],"class_list":["post-155536","post","type-post","status-publish","format-standard","has-post-thumbnail","hentry","category-geral"],"_links":{"self":[{"href":"https:\/\/www.caririemacao.com\/1\/wp-json\/wp\/v2\/posts\/155536","targetHints":{"allow":["GET"]}}],"collection":[{"href":"https:\/\/www.caririemacao.com\/1\/wp-json\/wp\/v2\/posts"}],"about":[{"href":"https:\/\/www.caririemacao.com\/1\/wp-json\/wp\/v2\/types\/post"}],"author":[{"embeddable":true,"href":"https:\/\/www.caririemacao.com\/1\/wp-json\/wp\/v2\/users\/2"}],"replies":[{"embeddable":true,"href":"https:\/\/www.caririemacao.com\/1\/wp-json\/wp\/v2\/comments?post=155536"}],"version-history":[{"count":1,"href":"https:\/\/www.caririemacao.com\/1\/wp-json\/wp\/v2\/posts\/155536\/revisions"}],"predecessor-version":[{"id":155538,"href":"https:\/\/www.caririemacao.com\/1\/wp-json\/wp\/v2\/posts\/155536\/revisions\/155538"}],"wp:featuredmedia":[{"embeddable":true,"href":"https:\/\/www.caririemacao.com\/1\/wp-json\/wp\/v2\/media\/155537"}],"wp:attachment":[{"href":"https:\/\/www.caririemacao.com\/1\/wp-json\/wp\/v2\/media?parent=155536"}],"wp:term":[{"taxonomy":"category","embeddable":true,"href":"https:\/\/www.caririemacao.com\/1\/wp-json\/wp\/v2\/categories?post=155536"},{"taxonomy":"post_tag","embeddable":true,"href":"https:\/\/www.caririemacao.com\/1\/wp-json\/wp\/v2\/tags?post=155536"}],"curies":[{"name":"wp","href":"https:\/\/api.w.org\/{rel}","templated":true}]}}