{"id":155539,"date":"2020-02-28T06:56:55","date_gmt":"2020-02-28T09:56:55","guid":{"rendered":"http:\/\/www.caririemacao.com\/1\/?p=155539"},"modified":"2020-02-28T06:56:56","modified_gmt":"2020-02-28T09:56:56","slug":"italia-sobe-para-650-casos-suspeitos-e-17-mortes-provocadas-pelo-coronavirus","status":"publish","type":"post","link":"https:\/\/www.caririemacao.com\/1\/2020\/02\/28\/italia-sobe-para-650-casos-suspeitos-e-17-mortes-provocadas-pelo-coronavirus\/","title":{"rendered":"It\u00e1lia: Sobe para 650 casos suspeitos e 17 mortes provocadas pelo coronav\u00edrus"},"content":{"rendered":"\n<p>O chefe da ag\u00eancia de Defesa Civil da It\u00e1lia, Angelo Borrelli, informou nesta quinta-feira (27) que 17 pessoas morreram e 650 foram contagiadas pelo novo coronav\u00edrus at\u00e9 o momento no pa\u00eds, cuja regi\u00e3o norte tem sido a mais impactada.<\/p>\n\n\n\n<p>De acordo com Borrelli, tr\u00eas pacientes na Lombardia receberam alta m\u00e9dica ap\u00f3s se recuperarem. Ao todo, 43 pessoas conseguiram se curar no pa\u00eds.<\/p>\n\n\n\n<p>Borrelli tamb\u00e9m negou que seja cr\u00edtica a situa\u00e7\u00e3o dos 11 munic\u00edpios afetados em Lombardia e Veneto, os da chamada \u201czona vermelha\u201d, e pediu calma porque a maioria dos infectados est\u00e3o isolados em casa, sem a necessidade de serem internados.<\/p>\n","protected":false},"excerpt":{"rendered":"<p>O chefe da ag\u00eancia de Defesa Civil da It\u00e1lia, Angelo Borrelli, informou nesta quinta-feira (27) que 17 pessoas morreram e 650 foram contagiadas pelo novo&hellip; <\/p>\n","protected":false},"author":2,"featured_media":155540,"comment_status":"closed","ping_status":"closed","sticky":false,"template":"","format":"standard","meta":{"sfsi_plus_gutenberg_text_before_share":"","sfsi_plus_gutenberg_show_text_before_share":"","sfsi_plus_gutenberg_icon_type":"","sfsi_plus_gutenberg_icon_alignemt":"","sfsi_plus_gutenburg_max_per_row":"","footnotes":""},"categories":[2],"tags":[],"class_list":["post-155539","post","type-post","status-publish","format-standard","has-post-thumbnail","hentry","category-geral"],"_links":{"self":[{"href":"https:\/\/www.caririemacao.com\/1\/wp-json\/wp\/v2\/posts\/155539","targetHints":{"allow":["GET"]}}],"collection":[{"href":"https:\/\/www.caririemacao.com\/1\/wp-json\/wp\/v2\/posts"}],"about":[{"href":"https:\/\/www.caririemacao.com\/1\/wp-json\/wp\/v2\/types\/post"}],"author":[{"embeddable":true,"href":"https:\/\/www.caririemacao.com\/1\/wp-json\/wp\/v2\/users\/2"}],"replies":[{"embeddable":true,"href":"https:\/\/www.caririemacao.com\/1\/wp-json\/wp\/v2\/comments?post=155539"}],"version-history":[{"count":1,"href":"https:\/\/www.caririemacao.com\/1\/wp-json\/wp\/v2\/posts\/155539\/revisions"}],"predecessor-version":[{"id":155541,"href":"https:\/\/www.caririemacao.com\/1\/wp-json\/wp\/v2\/posts\/155539\/revisions\/155541"}],"wp:featuredmedia":[{"embeddable":true,"href":"https:\/\/www.caririemacao.com\/1\/wp-json\/wp\/v2\/media\/155540"}],"wp:attachment":[{"href":"https:\/\/www.caririemacao.com\/1\/wp-json\/wp\/v2\/media?parent=155539"}],"wp:term":[{"taxonomy":"category","embeddable":true,"href":"https:\/\/www.caririemacao.com\/1\/wp-json\/wp\/v2\/categories?post=155539"},{"taxonomy":"post_tag","embeddable":true,"href":"https:\/\/www.caririemacao.com\/1\/wp-json\/wp\/v2\/tags?post=155539"}],"curies":[{"name":"wp","href":"https:\/\/api.w.org\/{rel}","templated":true}]}}