{"id":155560,"date":"2020-02-28T07:08:32","date_gmt":"2020-02-28T10:08:32","guid":{"rendered":"http:\/\/www.caririemacao.com\/1\/?p=155560"},"modified":"2020-02-28T07:08:34","modified_gmt":"2020-02-28T10:08:34","slug":"papa-francisco-fica-resfriado-e-seguidores-se-assustam-falando-em-coronavirus","status":"publish","type":"post","link":"https:\/\/www.caririemacao.com\/1\/2020\/02\/28\/papa-francisco-fica-resfriado-e-seguidores-se-assustam-falando-em-coronavirus\/","title":{"rendered":"Papa Francisco fica resfriado e seguidores se assustam falando em coronav\u00edrus"},"content":{"rendered":"\n<p>O Papa Francisco I cancelou a missa que daria nesta quinta-feira (27). Segundo o Vaticano, o pont\u00edfice est\u00e1 resfriado e n\u00e3o tem condi\u00e7\u00f5es de sa\u00fade de ministrar o culto. Assustados com a for\u00e7a do coronav\u00edrus em Roma, os italianos mostraram preocupa\u00e7\u00e3o na internet.<\/p>\n\n\n\n<p>Ainda que o coronav\u00edrus j\u00e1 tenha atingido centenas de pessoas na It\u00e1lia e, inclusive, feito v\u00edtimas fatais, o Vaticano informa que Papa Francisco est\u00e1 resfriado e com uma indisposi\u00e7\u00e3o, sem fazer qualquer rela\u00e7\u00e3o com o COVID-19.<\/p>\n\n\n\n<p>Em sua \u00faltima apari\u00e7\u00e3o p\u00fablica, na quarta-feira (26), Francisco I orou pelas v\u00edtimas do coronav\u00edrus e pediu para os religiosos acolhimento desses enfermos.<\/p>\n\n\n\n<p>Com 83 anos, o papa tem dificuldades de andar, mas raramente cancela eventos religiosos.<\/p>\n\n\n\n<p><\/p>\n","protected":false},"excerpt":{"rendered":"<p>O Papa Francisco I cancelou a missa que daria nesta quinta-feira (27). Segundo o Vaticano, o pont\u00edfice est\u00e1 resfriado e n\u00e3o tem condi\u00e7\u00f5es de sa\u00fade&hellip; <\/p>\n","protected":false},"author":2,"featured_media":155561,"comment_status":"closed","ping_status":"closed","sticky":false,"template":"","format":"standard","meta":{"sfsi_plus_gutenberg_text_before_share":"","sfsi_plus_gutenberg_show_text_before_share":"","sfsi_plus_gutenberg_icon_type":"","sfsi_plus_gutenberg_icon_alignemt":"","sfsi_plus_gutenburg_max_per_row":"","footnotes":""},"categories":[2],"tags":[],"class_list":["post-155560","post","type-post","status-publish","format-standard","has-post-thumbnail","hentry","category-geral"],"_links":{"self":[{"href":"https:\/\/www.caririemacao.com\/1\/wp-json\/wp\/v2\/posts\/155560","targetHints":{"allow":["GET"]}}],"collection":[{"href":"https:\/\/www.caririemacao.com\/1\/wp-json\/wp\/v2\/posts"}],"about":[{"href":"https:\/\/www.caririemacao.com\/1\/wp-json\/wp\/v2\/types\/post"}],"author":[{"embeddable":true,"href":"https:\/\/www.caririemacao.com\/1\/wp-json\/wp\/v2\/users\/2"}],"replies":[{"embeddable":true,"href":"https:\/\/www.caririemacao.com\/1\/wp-json\/wp\/v2\/comments?post=155560"}],"version-history":[{"count":1,"href":"https:\/\/www.caririemacao.com\/1\/wp-json\/wp\/v2\/posts\/155560\/revisions"}],"predecessor-version":[{"id":155562,"href":"https:\/\/www.caririemacao.com\/1\/wp-json\/wp\/v2\/posts\/155560\/revisions\/155562"}],"wp:featuredmedia":[{"embeddable":true,"href":"https:\/\/www.caririemacao.com\/1\/wp-json\/wp\/v2\/media\/155561"}],"wp:attachment":[{"href":"https:\/\/www.caririemacao.com\/1\/wp-json\/wp\/v2\/media?parent=155560"}],"wp:term":[{"taxonomy":"category","embeddable":true,"href":"https:\/\/www.caririemacao.com\/1\/wp-json\/wp\/v2\/categories?post=155560"},{"taxonomy":"post_tag","embeddable":true,"href":"https:\/\/www.caririemacao.com\/1\/wp-json\/wp\/v2\/tags?post=155560"}],"curies":[{"name":"wp","href":"https:\/\/api.w.org\/{rel}","templated":true}]}}