{"id":155563,"date":"2020-02-28T07:09:45","date_gmt":"2020-02-28T10:09:45","guid":{"rendered":"http:\/\/www.caririemacao.com\/1\/?p=155563"},"modified":"2020-02-28T07:09:47","modified_gmt":"2020-02-28T10:09:47","slug":"15-de-marco-campinenses-organizam-ato-pro-bolsonaro","status":"publish","type":"post","link":"https:\/\/www.caririemacao.com\/1\/2020\/02\/28\/15-de-marco-campinenses-organizam-ato-pro-bolsonaro\/","title":{"rendered":"15 DE MAR\u00c7O: Campinenses organizam ato pr\u00f3-Bolsonaro"},"content":{"rendered":"\n<p>O presidente Jair Bolsonaro (sem partido), convocou a popula\u00e7\u00e3o brasileira, sobretudo seus apoiadores, para uma manifesta\u00e7\u00e3o nacional no pr\u00f3ximo dia 15 de mar\u00e7o com o objetivo de pressionar o Congresso Nacional para que deputados e senadores aprovem diferentes propostas encaminhadas pelo Poder Executivo.<\/p>\n\n\n\n<p>Grupos de direita ligados ao presidente em Campina Grande est\u00e3o organizando o ato que dever\u00e1 seguir nos moldes de outras manifesta\u00e7\u00f5es: na Pra\u00e7a da Bandeira e com os simpatizantes vestidos com as cores do Brasil.<\/p>\n\n\n\n<p>A data marcada para os protestos \u00e9 a mesma em que se iniciaram protestos contra o governo Dilma Rousseff e deram in\u00edcio \u00e0 derrubada da ex-presidente.<\/p>\n","protected":false},"excerpt":{"rendered":"<p>O presidente Jair Bolsonaro (sem partido), convocou a popula\u00e7\u00e3o brasileira, sobretudo seus apoiadores, para uma manifesta\u00e7\u00e3o nacional no pr\u00f3ximo dia 15 de mar\u00e7o com o&hellip; <\/p>\n","protected":false},"author":2,"featured_media":155564,"comment_status":"closed","ping_status":"closed","sticky":false,"template":"","format":"standard","meta":{"sfsi_plus_gutenberg_text_before_share":"","sfsi_plus_gutenberg_show_text_before_share":"","sfsi_plus_gutenberg_icon_type":"","sfsi_plus_gutenberg_icon_alignemt":"","sfsi_plus_gutenburg_max_per_row":"","footnotes":""},"categories":[11],"tags":[],"class_list":["post-155563","post","type-post","status-publish","format-standard","has-post-thumbnail","hentry","category-politica"],"_links":{"self":[{"href":"https:\/\/www.caririemacao.com\/1\/wp-json\/wp\/v2\/posts\/155563","targetHints":{"allow":["GET"]}}],"collection":[{"href":"https:\/\/www.caririemacao.com\/1\/wp-json\/wp\/v2\/posts"}],"about":[{"href":"https:\/\/www.caririemacao.com\/1\/wp-json\/wp\/v2\/types\/post"}],"author":[{"embeddable":true,"href":"https:\/\/www.caririemacao.com\/1\/wp-json\/wp\/v2\/users\/2"}],"replies":[{"embeddable":true,"href":"https:\/\/www.caririemacao.com\/1\/wp-json\/wp\/v2\/comments?post=155563"}],"version-history":[{"count":1,"href":"https:\/\/www.caririemacao.com\/1\/wp-json\/wp\/v2\/posts\/155563\/revisions"}],"predecessor-version":[{"id":155565,"href":"https:\/\/www.caririemacao.com\/1\/wp-json\/wp\/v2\/posts\/155563\/revisions\/155565"}],"wp:featuredmedia":[{"embeddable":true,"href":"https:\/\/www.caririemacao.com\/1\/wp-json\/wp\/v2\/media\/155564"}],"wp:attachment":[{"href":"https:\/\/www.caririemacao.com\/1\/wp-json\/wp\/v2\/media?parent=155563"}],"wp:term":[{"taxonomy":"category","embeddable":true,"href":"https:\/\/www.caririemacao.com\/1\/wp-json\/wp\/v2\/categories?post=155563"},{"taxonomy":"post_tag","embeddable":true,"href":"https:\/\/www.caririemacao.com\/1\/wp-json\/wp\/v2\/tags?post=155563"}],"curies":[{"name":"wp","href":"https:\/\/api.w.org\/{rel}","templated":true}]}}