{"id":155576,"date":"2020-02-28T07:43:39","date_gmt":"2020-02-28T10:43:39","guid":{"rendered":"http:\/\/www.caririemacao.com\/1\/?p=155576"},"modified":"2020-02-28T07:43:42","modified_gmt":"2020-02-28T10:43:42","slug":"dupla-armada-realiza-assalto-a-estabelecimento-comercial-no-centro-da-cidade-de-cabaceiras","status":"publish","type":"post","link":"https:\/\/www.caririemacao.com\/1\/2020\/02\/28\/dupla-armada-realiza-assalto-a-estabelecimento-comercial-no-centro-da-cidade-de-cabaceiras\/","title":{"rendered":"Dupla armada realiza assalto a estabelecimento comercial no centro da cidade de Cabaceiras"},"content":{"rendered":"\n<div class=\"wp-block-image\"><figure class=\"aligncenter\"><img decoding=\"async\" data-src=\"http:\/\/deolhonocariri.com.br\/wp-content\/uploads\/2020\/02\/assalto-moto.jpg\" alt=\"\" class=\"wp-image-78503 lazyload\" src=\"data:image\/svg+xml;base64,PHN2ZyB3aWR0aD0iMSIgaGVpZ2h0PSIxIiB4bWxucz0iaHR0cDovL3d3dy53My5vcmcvMjAwMC9zdmciPjwvc3ZnPg==\" \/><\/figure><\/div>\n\n\n\n<p>Na tarde desta quinta-feira(27) um assalto a um estabelecimento comercial foi registrado no centro da cidade de Cabaceiras, Cariri da Para\u00edba.<\/p>\n\n\n\n<p>Segundo informa\u00e7\u00f5es colhidas pelo portal de Olho no Cariri, dois criminosos armados chegaram ao com\u00e9rcio do cabaceirense Ozanildo Farias e anunciaram ao assalto, rendendo o propriet\u00e1rio. Em uma a\u00e7\u00e3o r\u00e1pida, os meliantes levaram um quantia em dinheiro e bebidas do estabelecimento.<\/p>\n\n\n\n<p>Na fuga, os criminosos teriam disparado tiros para cima nas imedia\u00e7\u00f5es da pra\u00e7a pr\u00f3ximo a Copiadora do Bode e na sa\u00edda da cidade para Boqueir\u00e3o.<\/p>\n\n\n\n<p>Testemunhas relataram que conseguiram visualizar a numera\u00e7\u00e3o da placa da motocicleta e as informa\u00e7\u00f5es j\u00e1 foram repassadas para a Pol\u00edcia Militar que se encontra em diligencia na tentativa de capturar os assaltantes.<\/p>\n\n\n\n<p><strong>De Olho no Cariri<\/strong><\/p>\n","protected":false},"excerpt":{"rendered":"<p>Na tarde desta quinta-feira(27) um assalto a um estabelecimento comercial foi registrado no centro da cidade de Cabaceiras, Cariri da Para\u00edba. Segundo informa\u00e7\u00f5es colhidas pelo&hellip; <\/p>\n","protected":false},"author":2,"featured_media":155577,"comment_status":"closed","ping_status":"closed","sticky":false,"template":"","format":"standard","meta":{"sfsi_plus_gutenberg_text_before_share":"","sfsi_plus_gutenberg_show_text_before_share":"","sfsi_plus_gutenberg_icon_type":"","sfsi_plus_gutenberg_icon_alignemt":"","sfsi_plus_gutenburg_max_per_row":"","footnotes":""},"categories":[12],"tags":[],"class_list":["post-155576","post","type-post","status-publish","format-standard","has-post-thumbnail","hentry","category-policia"],"_links":{"self":[{"href":"https:\/\/www.caririemacao.com\/1\/wp-json\/wp\/v2\/posts\/155576","targetHints":{"allow":["GET"]}}],"collection":[{"href":"https:\/\/www.caririemacao.com\/1\/wp-json\/wp\/v2\/posts"}],"about":[{"href":"https:\/\/www.caririemacao.com\/1\/wp-json\/wp\/v2\/types\/post"}],"author":[{"embeddable":true,"href":"https:\/\/www.caririemacao.com\/1\/wp-json\/wp\/v2\/users\/2"}],"replies":[{"embeddable":true,"href":"https:\/\/www.caririemacao.com\/1\/wp-json\/wp\/v2\/comments?post=155576"}],"version-history":[{"count":1,"href":"https:\/\/www.caririemacao.com\/1\/wp-json\/wp\/v2\/posts\/155576\/revisions"}],"predecessor-version":[{"id":155578,"href":"https:\/\/www.caririemacao.com\/1\/wp-json\/wp\/v2\/posts\/155576\/revisions\/155578"}],"wp:featuredmedia":[{"embeddable":true,"href":"https:\/\/www.caririemacao.com\/1\/wp-json\/wp\/v2\/media\/155577"}],"wp:attachment":[{"href":"https:\/\/www.caririemacao.com\/1\/wp-json\/wp\/v2\/media?parent=155576"}],"wp:term":[{"taxonomy":"category","embeddable":true,"href":"https:\/\/www.caririemacao.com\/1\/wp-json\/wp\/v2\/categories?post=155576"},{"taxonomy":"post_tag","embeddable":true,"href":"https:\/\/www.caririemacao.com\/1\/wp-json\/wp\/v2\/tags?post=155576"}],"curies":[{"name":"wp","href":"https:\/\/api.w.org\/{rel}","templated":true}]}}