{"id":155601,"date":"2020-02-28T07:59:33","date_gmt":"2020-02-28T10:59:33","guid":{"rendered":"http:\/\/www.caririemacao.com\/1\/?p=155601"},"modified":"2020-02-28T07:59:35","modified_gmt":"2020-02-28T10:59:35","slug":"prefeita-lorena-comemora-mais-de-500-familias-assistidas-com-programa-agua-doce","status":"publish","type":"post","link":"https:\/\/www.caririemacao.com\/1\/2020\/02\/28\/prefeita-lorena-comemora-mais-de-500-familias-assistidas-com-programa-agua-doce\/","title":{"rendered":"Prefeita Lorena comemora mais de 500 fam\u00edlias assistidas com Programa \u00c1gua Doce"},"content":{"rendered":"\n<p>O Programa \u00c1gua Doce vem melhorando a qualidade de vida de fam\u00edlias da regi\u00e3o do Semi\u00e1rido, tanto no que diz respeito \u00e0 sa\u00fade, com \u00e1gua pot\u00e1vel para consumo humano, quanto na possibilidade de gera\u00e7\u00e3o de renda, nos Sistemas de Dessaliniza\u00e7\u00e3o com Unidades Produtivas.<\/p>\n\n\n\n<p>O programa \u201cMais \u00c1gua no Campo\u201d, lan\u00e7ado pela prefeita Anna Lorena no in\u00edcio de 2019, \u00e9 fruto de uma parceria entre a Prefeitura de Monteiro e o Governo do Estado. Esse programa \u00e9 financiado pelo Projeto de Desenvolvimento Sustent\u00e1vel do Cariri, Serid\u00f3 e Curimata\u00fa (Procase) em parceria com o Fundo Internacional de Desenvolvimento Agr\u00edcola (Fida).<\/p>\n\n\n\n<p>Mais de 500 fam\u00edlias das comunidades de Cacimba de Cima, Pitombeira, Santa Catarina e Serra Branca ser\u00e3o beneficiadas. Antes mesmo da instala\u00e7\u00e3o dos dessalinizadores, foram realizados treinamentos e oficinas de gest\u00e3o do uso da \u00e1gua, manejo dos equipamentos e manuten\u00e7\u00e3o das unidades. Toda a ger\u00eancia fica a cargo dos presidentes de associa\u00e7\u00f5es e seus associados.<\/p>\n\n\n\n<p>Anna Lorena disse que \u201cOs sistemas operam em comunidades que antes eram abastecidas com carro-pipa, \u00e1gua de po\u00e7os com alta salinidade e tamb\u00e9m de a\u00e7ude, sem qualidade para o consumo. \u00c9 um programa importante que atende a popula\u00e7\u00e3o de imediato, principalmente as pessoas que n\u00e3o t\u00eam a menor condi\u00e7\u00e3o de acesso \u00e0 \u00e1gua. O \u00c1gua Doce atua nas regi\u00f5es em que os po\u00e7os apresentam um alto teor de sal e a gente faz a implanta\u00e7\u00e3o de um dessalinizador que, depois de fazer o tratamento, ele deixa a \u00e1gua absolutamente pot\u00e1vel.\u201dConcluiu.<\/p>\n","protected":false},"excerpt":{"rendered":"<p>O Programa \u00c1gua Doce vem melhorando a qualidade de vida de fam\u00edlias da regi\u00e3o do Semi\u00e1rido, tanto no que diz respeito \u00e0 sa\u00fade, com \u00e1gua&hellip; <\/p>\n","protected":false},"author":2,"featured_media":155602,"comment_status":"closed","ping_status":"closed","sticky":false,"template":"","format":"standard","meta":{"sfsi_plus_gutenberg_text_before_share":"","sfsi_plus_gutenberg_show_text_before_share":"","sfsi_plus_gutenberg_icon_type":"","sfsi_plus_gutenberg_icon_alignemt":"","sfsi_plus_gutenburg_max_per_row":"","footnotes":""},"categories":[2],"tags":[],"class_list":["post-155601","post","type-post","status-publish","format-standard","has-post-thumbnail","hentry","category-geral"],"_links":{"self":[{"href":"https:\/\/www.caririemacao.com\/1\/wp-json\/wp\/v2\/posts\/155601","targetHints":{"allow":["GET"]}}],"collection":[{"href":"https:\/\/www.caririemacao.com\/1\/wp-json\/wp\/v2\/posts"}],"about":[{"href":"https:\/\/www.caririemacao.com\/1\/wp-json\/wp\/v2\/types\/post"}],"author":[{"embeddable":true,"href":"https:\/\/www.caririemacao.com\/1\/wp-json\/wp\/v2\/users\/2"}],"replies":[{"embeddable":true,"href":"https:\/\/www.caririemacao.com\/1\/wp-json\/wp\/v2\/comments?post=155601"}],"version-history":[{"count":1,"href":"https:\/\/www.caririemacao.com\/1\/wp-json\/wp\/v2\/posts\/155601\/revisions"}],"predecessor-version":[{"id":155603,"href":"https:\/\/www.caririemacao.com\/1\/wp-json\/wp\/v2\/posts\/155601\/revisions\/155603"}],"wp:featuredmedia":[{"embeddable":true,"href":"https:\/\/www.caririemacao.com\/1\/wp-json\/wp\/v2\/media\/155602"}],"wp:attachment":[{"href":"https:\/\/www.caririemacao.com\/1\/wp-json\/wp\/v2\/media?parent=155601"}],"wp:term":[{"taxonomy":"category","embeddable":true,"href":"https:\/\/www.caririemacao.com\/1\/wp-json\/wp\/v2\/categories?post=155601"},{"taxonomy":"post_tag","embeddable":true,"href":"https:\/\/www.caririemacao.com\/1\/wp-json\/wp\/v2\/tags?post=155601"}],"curies":[{"name":"wp","href":"https:\/\/api.w.org\/{rel}","templated":true}]}}