{"id":155607,"date":"2020-02-28T08:03:59","date_gmt":"2020-02-28T11:03:59","guid":{"rendered":"http:\/\/www.caririemacao.com\/1\/?p=155607"},"modified":"2020-02-28T08:04:01","modified_gmt":"2020-02-28T11:04:01","slug":"partido-verde-vai-promover-encontro-regional-em-camalau-no-proximo-domingo","status":"publish","type":"post","link":"https:\/\/www.caririemacao.com\/1\/2020\/02\/28\/partido-verde-vai-promover-encontro-regional-em-camalau-no-proximo-domingo\/","title":{"rendered":"Partido Verde vai promover encontro regional em Camala\u00fa, no pr\u00f3ximo domingo"},"content":{"rendered":"\n<p>O Partido Verde (PV) vai promover um encontro regional da legenda, no pr\u00f3ximo domingo (1), na cidade de Camala\u00fa, no Cariri. O evento est\u00e1 sendo organizado pelo ex-prefeito, Ant\u00f4nio Mariano.<\/p>\n\n\n\n<p>O encontro acontecer\u00e1 a partir das 8h, no CEHAGRO\/Centro de Estudos Hol\u00edsticos e Agroecol\u00f3gicos \u201cJos\u00e9 Mariano de Farias\u201d e contar\u00e1 com a presen\u00e7a do presidente estadual do partido, Sargento Denys.<\/p>\n\n\n\n<p>Ser\u00e1 realizado um painel de exposi\u00e7\u00f5es, com debates em mesa redonda, com a participa\u00e7\u00e3o de v\u00e1rias autoridades, professores, l\u00edderes pol\u00edticos e comunit\u00e1rios. O objetivo maior do evento \u00e9 a formula\u00e7\u00e3o de propostas objetivas para os trabalhos de empreendedorismo e gera\u00e7\u00e3o de renda em Camala\u00fa e nas comunidades caririzeiras.<\/p>\n\n\n\n<p>Colaborando com as atividades, o SEBRAE se far\u00e1 presente, atrav\u00e9s da consultora Patr\u00edcia Barros.<\/p>\n\n\n\n<p>Maiores informa\u00e7\u00f5es, com o professor Ant\u00f4nio Mariano (Tel.: 83-9.9978.4285).<\/p>\n\n\n\n<p>Blog do Bruno Lira<\/p>\n","protected":false},"excerpt":{"rendered":"<p>O Partido Verde (PV) vai promover um encontro regional da legenda, no pr\u00f3ximo domingo (1), na cidade de Camala\u00fa, no Cariri. O evento est\u00e1 sendo&hellip; <\/p>\n","protected":false},"author":2,"featured_media":155608,"comment_status":"closed","ping_status":"closed","sticky":false,"template":"","format":"standard","meta":{"sfsi_plus_gutenberg_text_before_share":"","sfsi_plus_gutenberg_show_text_before_share":"","sfsi_plus_gutenberg_icon_type":"","sfsi_plus_gutenberg_icon_alignemt":"","sfsi_plus_gutenburg_max_per_row":"","footnotes":""},"categories":[2],"tags":[],"class_list":["post-155607","post","type-post","status-publish","format-standard","has-post-thumbnail","hentry","category-geral"],"_links":{"self":[{"href":"https:\/\/www.caririemacao.com\/1\/wp-json\/wp\/v2\/posts\/155607","targetHints":{"allow":["GET"]}}],"collection":[{"href":"https:\/\/www.caririemacao.com\/1\/wp-json\/wp\/v2\/posts"}],"about":[{"href":"https:\/\/www.caririemacao.com\/1\/wp-json\/wp\/v2\/types\/post"}],"author":[{"embeddable":true,"href":"https:\/\/www.caririemacao.com\/1\/wp-json\/wp\/v2\/users\/2"}],"replies":[{"embeddable":true,"href":"https:\/\/www.caririemacao.com\/1\/wp-json\/wp\/v2\/comments?post=155607"}],"version-history":[{"count":1,"href":"https:\/\/www.caririemacao.com\/1\/wp-json\/wp\/v2\/posts\/155607\/revisions"}],"predecessor-version":[{"id":155609,"href":"https:\/\/www.caririemacao.com\/1\/wp-json\/wp\/v2\/posts\/155607\/revisions\/155609"}],"wp:featuredmedia":[{"embeddable":true,"href":"https:\/\/www.caririemacao.com\/1\/wp-json\/wp\/v2\/media\/155608"}],"wp:attachment":[{"href":"https:\/\/www.caririemacao.com\/1\/wp-json\/wp\/v2\/media?parent=155607"}],"wp:term":[{"taxonomy":"category","embeddable":true,"href":"https:\/\/www.caririemacao.com\/1\/wp-json\/wp\/v2\/categories?post=155607"},{"taxonomy":"post_tag","embeddable":true,"href":"https:\/\/www.caririemacao.com\/1\/wp-json\/wp\/v2\/tags?post=155607"}],"curies":[{"name":"wp","href":"https:\/\/api.w.org\/{rel}","templated":true}]}}