{"id":155618,"date":"2020-02-28T09:07:32","date_gmt":"2020-02-28T12:07:32","guid":{"rendered":"http:\/\/www.caririemacao.com\/1\/?p=155618"},"modified":"2020-02-28T09:09:30","modified_gmt":"2020-02-28T12:09:30","slug":"prefeito-de-prata-cumpre-administrativa-em-joao-pessoa","status":"publish","type":"post","link":"https:\/\/www.caririemacao.com\/1\/2020\/02\/28\/prefeito-de-prata-cumpre-administrativa-em-joao-pessoa\/","title":{"rendered":"Prefeito de Prata cumpre agenda administrativa em Jo\u00e3o Pessoa"},"content":{"rendered":"\n<p> Com o objetivo de garantir investimentos para o Munic\u00edpio de Prata , o Prefeito Junior N\u00f3brega de Prata esteve nesta quinta -feira, 27 de fevereiro , cumprindo uma agenda administrativa na Capital Jo\u00e3o Pessoa-PB.&nbsp;<br>O Gestor esteve em audi\u00eancia com o Secret\u00e1rio de Infraestrutura Deusdete Queiroga.<br>O prefeito Junior est\u00e1 em busca de benef\u00edcios como:&nbsp;po\u00e7os, opera\u00e7\u00e3o carro pipa e de outros recursos h\u00eddricos.<\/p>\n","protected":false},"excerpt":{"rendered":"<p>Com o objetivo de garantir investimentos para o Munic\u00edpio de Prata , o Prefeito Junior N\u00f3brega de Prata esteve nesta quinta -feira, 27 de fevereiro&hellip; <\/p>\n","protected":false},"author":2,"featured_media":155619,"comment_status":"closed","ping_status":"closed","sticky":false,"template":"","format":"standard","meta":{"sfsi_plus_gutenberg_text_before_share":"","sfsi_plus_gutenberg_show_text_before_share":"","sfsi_plus_gutenberg_icon_type":"","sfsi_plus_gutenberg_icon_alignemt":"","sfsi_plus_gutenburg_max_per_row":"","footnotes":""},"categories":[2],"tags":[],"class_list":["post-155618","post","type-post","status-publish","format-standard","has-post-thumbnail","hentry","category-geral"],"_links":{"self":[{"href":"https:\/\/www.caririemacao.com\/1\/wp-json\/wp\/v2\/posts\/155618","targetHints":{"allow":["GET"]}}],"collection":[{"href":"https:\/\/www.caririemacao.com\/1\/wp-json\/wp\/v2\/posts"}],"about":[{"href":"https:\/\/www.caririemacao.com\/1\/wp-json\/wp\/v2\/types\/post"}],"author":[{"embeddable":true,"href":"https:\/\/www.caririemacao.com\/1\/wp-json\/wp\/v2\/users\/2"}],"replies":[{"embeddable":true,"href":"https:\/\/www.caririemacao.com\/1\/wp-json\/wp\/v2\/comments?post=155618"}],"version-history":[{"count":2,"href":"https:\/\/www.caririemacao.com\/1\/wp-json\/wp\/v2\/posts\/155618\/revisions"}],"predecessor-version":[{"id":155623,"href":"https:\/\/www.caririemacao.com\/1\/wp-json\/wp\/v2\/posts\/155618\/revisions\/155623"}],"wp:featuredmedia":[{"embeddable":true,"href":"https:\/\/www.caririemacao.com\/1\/wp-json\/wp\/v2\/media\/155619"}],"wp:attachment":[{"href":"https:\/\/www.caririemacao.com\/1\/wp-json\/wp\/v2\/media?parent=155618"}],"wp:term":[{"taxonomy":"category","embeddable":true,"href":"https:\/\/www.caririemacao.com\/1\/wp-json\/wp\/v2\/categories?post=155618"},{"taxonomy":"post_tag","embeddable":true,"href":"https:\/\/www.caririemacao.com\/1\/wp-json\/wp\/v2\/tags?post=155618"}],"curies":[{"name":"wp","href":"https:\/\/api.w.org\/{rel}","templated":true}]}}