{"id":155631,"date":"2020-02-28T09:16:21","date_gmt":"2020-02-28T12:16:21","guid":{"rendered":"http:\/\/www.caririemacao.com\/1\/?p=155631"},"modified":"2020-02-28T09:16:22","modified_gmt":"2020-02-28T12:16:22","slug":"em-live-bolsonaro-pede-serenidade-e-afirma-que-respeita-os-poderes","status":"publish","type":"post","link":"https:\/\/www.caririemacao.com\/1\/2020\/02\/28\/em-live-bolsonaro-pede-serenidade-e-afirma-que-respeita-os-poderes\/","title":{"rendered":"Em live, Bolsonaro pede serenidade e afirma que respeita os Poderes"},"content":{"rendered":"\n<p>O presidente Jair Bolsonaro afirmou hoje (27), durante sua&nbsp;<em>live&nbsp;<\/em>semanal no Facebook, que n\u00e3o est\u00e1 estimulando protestos contra o Congresso Nacional e o Judici\u00e1rio, e pediu &#8220;serenidade&#8221; e &#8220;responsabilidade&#8221;. Ele refutou informa\u00e7\u00f5es, veiculadas nos \u00faltimos dias, pela imprensa, de que estaria apoiando atos previstos para o pr\u00f3ximo dia 15 de mar\u00e7o, e que teriam, entre as pautas anunciadas, de acordo com as not\u00edcias, pedidos de fechamento do Legislativo e do Supremo Tribunal Federal (STF).<\/p>\n\n\n\n<p>&#8220;Eu n\u00e3o vi nenhum presidente de Poder falar sobre essa quest\u00e3o do dia 15, que eu estaria estimulando um movimento contra o Congresso e contra o Judici\u00e1rio, n\u00e3o existe isso. N\u00e3o falaram porque n\u00e3o existe isso. Agora, n\u00f3s n\u00e3o podemos nos envenenar com essa m\u00eddia podre que n\u00f3s temos a\u00ed, em grande parte, podre que n\u00f3s temos ai. Eu apelo a todo mundo, serenidade, patriotismo, responsabilidade, verdade. N\u00f3s podemos mudar o destino do Brasil. N\u00e3o vou falar bem do meu governo, voc\u00ea que julga na ponta da linha. Pode ter certeza que, cada vez mais, os chefes de Poderes v\u00e3o se ajustando, porque a nossa uni\u00e3o, s\u00e3o quatro homens, quanto mais ajustados n\u00f3s tivermos, n\u00f3s juntos podemos fazer um Brasil melhor para 210 milh\u00f5es de pessoas&#8221;, afirmou.<\/p>\n\n\n\n<p>Bolsonaro disse que respeita os Poderes e que quer ver os projetos enviados pelo governo sendo votados no Congresso Nacional. Segundo ele, como boa parte das suas iniciativas depende do Legislativo, ele acaba sendo cobrado pela popula\u00e7\u00e3o mais do que os parlamentares. &#8220;N\u00e3o existe qualquer cr\u00edtica a Poderes, agora eu tenho que dar uma satisfa\u00e7\u00e3o porque na ponta da linha o povo cobra muito mais de mim do que do Legislativo ou do Judici\u00e1rio&#8221;.<\/p>\n\n\n\n<h2 class=\"wp-block-heading\">GLO no Cear\u00e1<\/h2>\n\n\n\n<figure class=\"wp-block-image\"><img decoding=\"async\" data-src=\"https:\/\/imagens.ebc.com.br\/Yd3GfQ_uwBB_IVvDOEOjzBMhKh8=\/754x0\/smart\/http:\/\/agenciabrasil.ebc.com.br\/sites\/default\/files\/thumbnails\/image\/bolsonaro_270221_numero_de_serie_de_4_digitos.jpg?itok=irL7kntk\" alt=\"bolsonaro_270221_numero_de_serie_de_4_digitos\" src=\"data:image\/svg+xml;base64,PHN2ZyB3aWR0aD0iMSIgaGVpZ2h0PSIxIiB4bWxucz0iaHR0cDovL3d3dy53My5vcmcvMjAwMC9zdmciPjwvc3ZnPg==\" class=\"lazyload\" \/><\/figure>\n\n\n\n<h6 class=\"wp-block-heading\">Presidente Jair Messias Bolsonaro fala ao vivo sobre as a\u00e7\u00f5es desenvolvidas pelo governo ao longo da semana &#8211;&nbsp;<strong>Divulga\u00e7\u00e3o\/Pal\u00e1cio do Planalto<\/strong><\/h6>\n\n\n\n<p>Sobre o decreto de Garantia da Lei e da Ordem no Cear\u00e1, que expira amanh\u00e3 (28), Bolsonaro afirmou que cabe ao governador do estado resolver o impasse com a Pol\u00edcia Militar cearense, e ressaltou que o uso da medida deve ser apenas emergencial. Ele aproveitou para pedir apoio de governadores e do Congresso na aprova\u00e7\u00e3o do projeto de lei que flexibiliza o conceito de&nbsp;<a href=\"http:\/\/agenciabrasil.ebc.com.br\/politica\/noticia\/2019-11\/bolsonaro-envia-projeto-que-amplia-excludente-de-ilicitude-camara\" target=\"_blank\" rel=\"noreferrer noopener\">excludente de ilicitude<\/a>&nbsp;para agentes de seguran\u00e7a durante opera\u00e7\u00f5es desse tipo. &#8220;O que eu pretendo do Parlamento brasileiro, para eu poder ter tranquilidade para assinar GLO, porque nesse momento eu n\u00e3o tenho tranquilidade, n\u00f3s queremos atender os governadores, mas os governadores tem que ter ci\u00eancia de que precisam nos apoiar para que o parlamento vote o excludente de ilicitude.&#8221;<\/p>\n\n\n\n<p>Na segunda-feira (24), uma comitiva integrada pelos ministros da Justi\u00e7a e Seguran\u00e7a P\u00fablica, Sergio Moro, &nbsp;da Defesa, Fernando Azevedo, e da Advocacia-Geral da Uni\u00e3o,&nbsp;Andr\u00e9 Mendon\u00e7a, visitou o estado e se reuniu com diversas autoridades locais. Al\u00e9m dos militares, policiais rodovi\u00e1rios federais e a For\u00e7a Nacional tamb\u00e9m atuam na seguran\u00e7a ostensiva no estado, a pedido do governo cearense.<\/p>\n\n\n\n<p>As medidas foram adotadas ap\u00f3s a paralisa\u00e7\u00e3o de policiais militares, que est\u00e3o amotinados em quart\u00e9is e batalh\u00f5es reivindicando melhores condi\u00e7\u00f5es de trabalho e reajuste salarial. O motim come\u00e7ou no dia 18 e, desde ent\u00e3o, ao menos 170 pessoas foram assassinadas no Cear\u00e1, entre homic\u00eddios dolosos (quando h\u00e1 inten\u00e7\u00e3o de matar), feminic\u00eddios e latroc\u00ednios (furto seguido de morte).<\/p>\n\n\n\n<p>Legalmente, policiais militares s\u00e3o proibidos de fazer greve, motivo pelo qual os protestos da categoria s\u00e3o classificados como motim. No dia 21, o governo cearense instaurou inqu\u00e9ritos e afastou por 120 dias 167 policiais militares que participam da paralisa\u00e7\u00e3o. Os agentes devem entregar identifica\u00e7\u00f5es funcionais, distintivos, armas, algemas, al\u00e9m de quaisquer outros itens que os caracterizem nas suas unidades e ficar\u00e3o fora da folha de pagamento a partir deste m\u00eas de fevereiro.<\/p>\n","protected":false},"excerpt":{"rendered":"<p>O presidente Jair Bolsonaro afirmou hoje (27), durante sua&nbsp;live&nbsp;semanal no Facebook, que n\u00e3o est\u00e1 estimulando protestos contra o Congresso Nacional e o Judici\u00e1rio, e pediu&hellip; <\/p>\n","protected":false},"author":2,"featured_media":155632,"comment_status":"closed","ping_status":"closed","sticky":false,"template":"","format":"standard","meta":{"sfsi_plus_gutenberg_text_before_share":"","sfsi_plus_gutenberg_show_text_before_share":"","sfsi_plus_gutenberg_icon_type":"","sfsi_plus_gutenberg_icon_alignemt":"","sfsi_plus_gutenburg_max_per_row":"","footnotes":""},"categories":[11],"tags":[],"class_list":["post-155631","post","type-post","status-publish","format-standard","has-post-thumbnail","hentry","category-politica"],"_links":{"self":[{"href":"https:\/\/www.caririemacao.com\/1\/wp-json\/wp\/v2\/posts\/155631","targetHints":{"allow":["GET"]}}],"collection":[{"href":"https:\/\/www.caririemacao.com\/1\/wp-json\/wp\/v2\/posts"}],"about":[{"href":"https:\/\/www.caririemacao.com\/1\/wp-json\/wp\/v2\/types\/post"}],"author":[{"embeddable":true,"href":"https:\/\/www.caririemacao.com\/1\/wp-json\/wp\/v2\/users\/2"}],"replies":[{"embeddable":true,"href":"https:\/\/www.caririemacao.com\/1\/wp-json\/wp\/v2\/comments?post=155631"}],"version-history":[{"count":1,"href":"https:\/\/www.caririemacao.com\/1\/wp-json\/wp\/v2\/posts\/155631\/revisions"}],"predecessor-version":[{"id":155633,"href":"https:\/\/www.caririemacao.com\/1\/wp-json\/wp\/v2\/posts\/155631\/revisions\/155633"}],"wp:featuredmedia":[{"embeddable":true,"href":"https:\/\/www.caririemacao.com\/1\/wp-json\/wp\/v2\/media\/155632"}],"wp:attachment":[{"href":"https:\/\/www.caririemacao.com\/1\/wp-json\/wp\/v2\/media?parent=155631"}],"wp:term":[{"taxonomy":"category","embeddable":true,"href":"https:\/\/www.caririemacao.com\/1\/wp-json\/wp\/v2\/categories?post=155631"},{"taxonomy":"post_tag","embeddable":true,"href":"https:\/\/www.caririemacao.com\/1\/wp-json\/wp\/v2\/tags?post=155631"}],"curies":[{"name":"wp","href":"https:\/\/api.w.org\/{rel}","templated":true}]}}