{"id":155637,"date":"2020-02-28T09:38:40","date_gmt":"2020-02-28T12:38:40","guid":{"rendered":"http:\/\/www.caririemacao.com\/1\/?p=155637"},"modified":"2020-02-28T09:38:42","modified_gmt":"2020-02-28T12:38:42","slug":"oms-casos-de-coronavirus-foram-confirmados-em-mais-nove-paises","status":"publish","type":"post","link":"https:\/\/www.caririemacao.com\/1\/2020\/02\/28\/oms-casos-de-coronavirus-foram-confirmados-em-mais-nove-paises\/","title":{"rendered":"OMS: casos de coronav\u00edrus foram confirmados em mais nove pa\u00edses"},"content":{"rendered":"\n<p>A Organiza\u00e7\u00e3o Mundial de Sa\u00fade (OMS) divulgou boletim nesta quinta-feira (27) informando que o Brasil e mais oito pa\u00edses informaram casos confirmados de Covid-19 nas \u00faltimas 24 horas. As demais na\u00e7\u00f5es que tiveram casos de coronav\u00edrus foram Dinamarca, Est\u00f4nia, Ge\u00f3rgia, Gr\u00e9cia, Noruega, Paquist\u00e3o, Rom\u00eania e Maced\u00f4nia do Norte.<\/p>\n\n\n\n<p>Em todo mundo, foram confirmados 82.294 casos da doen\u00e7a, 1.185 nas \u00faltimas 24 horas. Deste total, 78.630 est\u00e3o na China, dos quais 439 s\u00e3o novos, e 3.664 confirma\u00e7\u00f5es da doen\u00e7a em outros pa\u00edses, sendo 746 recentes.&nbsp;<\/p>\n\n\n\n<p>O boletim da OMS tamb\u00e9m informa que, at\u00e9 agora, o Covid-19 causou a morte de 2.747 pessoas na China (29 nas \u00faltimas 24 horas) e de 57 pessoas em outros pa\u00edses (13 recentes). Fora da China, os pa\u00edses com o maior n\u00famero de mortes por coronav\u00edrus s\u00e3o Coreia do Sul, com 13 (1.766 casos confirmados), It\u00e1lia, com 12 (400 casos confirmados) e Ir\u00e3, com 22 (141 casos confirmados).<\/p>\n\n\n\n<p>A OMS considera a avalia\u00e7\u00e3o de risco muito alta na China e alta a n\u00edvel global.<\/p>\n\n\n\n<p>Veja as<a href=\"http:\/\/agenciabrasil.ebc.com.br\/saude\/noticia\/2020-02\/veja-dicas-da-oms-para-se-proteger-do-coronavirus%C2%A0\" target=\"_blank\" rel=\"noreferrer noopener\">&nbsp;dicas da OMS&nbsp;<\/a>para se proteger do novo coronav\u00edrus.<\/p>\n\n\n\n<p>A OMS tamb\u00e9m disponibilizou,&nbsp;<a href=\"https:\/\/openwho.org\/courses\/introducao-ao-ncov\" target=\"_blank\" rel=\"noreferrer noopener\">para&nbsp;<em>download<\/em><\/a>, um curso em portugu\u00eas sobre v\u00edrus respirat\u00f3rios emergentes, incluindo COVID-19.<\/p>\n","protected":false},"excerpt":{"rendered":"<p>A Organiza\u00e7\u00e3o Mundial de Sa\u00fade (OMS) divulgou boletim nesta quinta-feira (27) informando que o Brasil e mais oito pa\u00edses informaram casos confirmados de Covid-19 nas&hellip; <\/p>\n","protected":false},"author":2,"featured_media":155638,"comment_status":"closed","ping_status":"closed","sticky":false,"template":"","format":"standard","meta":{"sfsi_plus_gutenberg_text_before_share":"","sfsi_plus_gutenberg_show_text_before_share":"","sfsi_plus_gutenberg_icon_type":"","sfsi_plus_gutenberg_icon_alignemt":"","sfsi_plus_gutenburg_max_per_row":"","footnotes":""},"categories":[2],"tags":[],"class_list":["post-155637","post","type-post","status-publish","format-standard","has-post-thumbnail","hentry","category-geral"],"_links":{"self":[{"href":"https:\/\/www.caririemacao.com\/1\/wp-json\/wp\/v2\/posts\/155637","targetHints":{"allow":["GET"]}}],"collection":[{"href":"https:\/\/www.caririemacao.com\/1\/wp-json\/wp\/v2\/posts"}],"about":[{"href":"https:\/\/www.caririemacao.com\/1\/wp-json\/wp\/v2\/types\/post"}],"author":[{"embeddable":true,"href":"https:\/\/www.caririemacao.com\/1\/wp-json\/wp\/v2\/users\/2"}],"replies":[{"embeddable":true,"href":"https:\/\/www.caririemacao.com\/1\/wp-json\/wp\/v2\/comments?post=155637"}],"version-history":[{"count":1,"href":"https:\/\/www.caririemacao.com\/1\/wp-json\/wp\/v2\/posts\/155637\/revisions"}],"predecessor-version":[{"id":155639,"href":"https:\/\/www.caririemacao.com\/1\/wp-json\/wp\/v2\/posts\/155637\/revisions\/155639"}],"wp:featuredmedia":[{"embeddable":true,"href":"https:\/\/www.caririemacao.com\/1\/wp-json\/wp\/v2\/media\/155638"}],"wp:attachment":[{"href":"https:\/\/www.caririemacao.com\/1\/wp-json\/wp\/v2\/media?parent=155637"}],"wp:term":[{"taxonomy":"category","embeddable":true,"href":"https:\/\/www.caririemacao.com\/1\/wp-json\/wp\/v2\/categories?post=155637"},{"taxonomy":"post_tag","embeddable":true,"href":"https:\/\/www.caririemacao.com\/1\/wp-json\/wp\/v2\/tags?post=155637"}],"curies":[{"name":"wp","href":"https:\/\/api.w.org\/{rel}","templated":true}]}}