{"id":155640,"date":"2020-02-28T09:40:49","date_gmt":"2020-02-28T12:40:49","guid":{"rendered":"http:\/\/www.caririemacao.com\/1\/?p=155640"},"modified":"2020-02-28T09:40:51","modified_gmt":"2020-02-28T12:40:51","slug":"covid-19-produtos-podem-ser-apreendidos-para-evitar-desabastecimento","status":"publish","type":"post","link":"https:\/\/www.caririemacao.com\/1\/2020\/02\/28\/covid-19-produtos-podem-ser-apreendidos-para-evitar-desabastecimento\/","title":{"rendered":"Covid-19: produtos podem ser apreendidos para evitar desabastecimento"},"content":{"rendered":"\n<p>O secret\u00e1rio-executivo do Minist\u00e9rio da Sa\u00fade, Jo\u00e3o Gabbardo, disse hoje (27) que a rede p\u00fablica de sa\u00fade tem come\u00e7ado a enfrentar a escassez de itens de seguran\u00e7a e preven\u00e7\u00e3o contra o coronav\u00edrus. O minist\u00e9rio tem uma lista de 20 itens e quatro deles est\u00e3o come\u00e7ando a faltar no Sistema \u00danico de Sa\u00fade (SUS). Gabbardo afirmou que, se necess\u00e1rio, usar\u00e1 meios jur\u00eddicos para apreender esses produtos para evitar o desabastecimento no mercado interno.<\/p>\n\n\n\n<p>J\u00e1 est\u00e1 marcada uma reuni\u00e3o entre representantes do minist\u00e9rio e a Associa\u00e7\u00e3o Brasileira das Ind\u00fastrias de Artigos e Equipamentos M\u00e9dicos e Odontol\u00f3gicos (ABIMO). Segundo Gabbardo, a ideia \u00e9 explicar as necessidades urgentes de uso de m\u00e1scaras e aventais, por exemplo, e que as empresas precisarar\u00e3o priorizar a venda de tais itens para o minist\u00e9rio, em detrimento de sua exporta\u00e7\u00e3o.<\/p>\n\n\n\n<p>\u201cVamos alertar a essa entidade que n\u00e3o vamos contemporizar em rela\u00e7\u00e3o a isso. Vamos usar todas as medidas que a legisla\u00e7\u00e3o nos permite. Se for necess\u00e1rio, vamos impedir a exporta\u00e7\u00e3o desses produtos e se for necess\u00e1rio vamos solicitar a apreens\u00e3o desses produtos na pr\u00f3pria f\u00e1brica\u201d, disse. O tipo de compra da qual o secret\u00e1rio fala, no caso das m\u00e1scaras, \u00e9 de cerca de 20 milh\u00f5es de unidades e 4 milh\u00f5es de m\u00e1scaras modelo N95.<\/p>\n\n\n\n<p>Segundo Gabbardo, empresas desistiram de uma licita\u00e7\u00e3o com o governo e venderam toda sua produ\u00e7\u00e3o para outros pa\u00edses. \u201cAlgumas empresas que participaram da licita\u00e7\u00e3o, na hora de encaminhar os documentos para fazer o contrato, n\u00e3o encaminharam os documentos e se mostraram desinteressadas em vender para o Minist\u00e9rio da Sa\u00fade. Isso \u00e9 uma coisa que nos preocupa muito\u201d.<\/p>\n\n\n\n<p>Gabbardo esclareceu que tomar\u00e1 medidas judiciais mais dr\u00e1sticas em \u00faltimo caso, mas acredita em um consenso e falou em \u201cobriga\u00e7\u00e3o social\u201d dessas empresas. \u201cEsses fornecedores t\u00eam uma obriga\u00e7\u00e3o social tamb\u00e9m. E se ele vende um determinado produto que tem essa utiliza\u00e7\u00e3o, ele sabe que esse produto \u00e9 fundamental. Temos convic\u00e7\u00e3o de que vamos chegar num denominador comum\u201d, disse.<\/p>\n\n\n\n<p>O Brasil tem um caso confirmado de coronav\u00edrus e 132 casos suspeitos, com expectativa de que esse n\u00famero aumente para aproximadamente 300 casos. Dentre os 132 casos j\u00e1 suspeitos contabilizados, 70 s\u00e3o na Regi\u00e3o Sudeste, dez na Regi\u00e3o Centro-Oeste, 37 na Regi\u00e3o Sul, 15 na Regi\u00e3o Nordeste e nenhum caso suspeito na Regi\u00e3o Norte.<\/p>\n","protected":false},"excerpt":{"rendered":"<p>O secret\u00e1rio-executivo do Minist\u00e9rio da Sa\u00fade, Jo\u00e3o Gabbardo, disse hoje (27) que a rede p\u00fablica de sa\u00fade tem come\u00e7ado a enfrentar a escassez de itens&hellip; <\/p>\n","protected":false},"author":2,"featured_media":155642,"comment_status":"closed","ping_status":"closed","sticky":false,"template":"","format":"standard","meta":{"sfsi_plus_gutenberg_text_before_share":"","sfsi_plus_gutenberg_show_text_before_share":"","sfsi_plus_gutenberg_icon_type":"","sfsi_plus_gutenberg_icon_alignemt":"","sfsi_plus_gutenburg_max_per_row":"","footnotes":""},"categories":[2],"tags":[],"class_list":["post-155640","post","type-post","status-publish","format-standard","has-post-thumbnail","hentry","category-geral"],"_links":{"self":[{"href":"https:\/\/www.caririemacao.com\/1\/wp-json\/wp\/v2\/posts\/155640","targetHints":{"allow":["GET"]}}],"collection":[{"href":"https:\/\/www.caririemacao.com\/1\/wp-json\/wp\/v2\/posts"}],"about":[{"href":"https:\/\/www.caririemacao.com\/1\/wp-json\/wp\/v2\/types\/post"}],"author":[{"embeddable":true,"href":"https:\/\/www.caririemacao.com\/1\/wp-json\/wp\/v2\/users\/2"}],"replies":[{"embeddable":true,"href":"https:\/\/www.caririemacao.com\/1\/wp-json\/wp\/v2\/comments?post=155640"}],"version-history":[{"count":1,"href":"https:\/\/www.caririemacao.com\/1\/wp-json\/wp\/v2\/posts\/155640\/revisions"}],"predecessor-version":[{"id":155643,"href":"https:\/\/www.caririemacao.com\/1\/wp-json\/wp\/v2\/posts\/155640\/revisions\/155643"}],"wp:featuredmedia":[{"embeddable":true,"href":"https:\/\/www.caririemacao.com\/1\/wp-json\/wp\/v2\/media\/155642"}],"wp:attachment":[{"href":"https:\/\/www.caririemacao.com\/1\/wp-json\/wp\/v2\/media?parent=155640"}],"wp:term":[{"taxonomy":"category","embeddable":true,"href":"https:\/\/www.caririemacao.com\/1\/wp-json\/wp\/v2\/categories?post=155640"},{"taxonomy":"post_tag","embeddable":true,"href":"https:\/\/www.caririemacao.com\/1\/wp-json\/wp\/v2\/tags?post=155640"}],"curies":[{"name":"wp","href":"https:\/\/api.w.org\/{rel}","templated":true}]}}