{"id":155647,"date":"2020-02-28T09:44:50","date_gmt":"2020-02-28T12:44:50","guid":{"rendered":"http:\/\/www.caririemacao.com\/1\/?p=155647"},"modified":"2020-02-28T09:44:52","modified_gmt":"2020-02-28T12:44:52","slug":"prefeito-adriano-wolff-leva-mensagem-do-executivo-na-1a-sessao-do-ano-na-camara-municipal-de-ss-do-umbuzeiro-e-faz-balanco-positivo-dos-3-primeiros-anos-de-gestao","status":"publish","type":"post","link":"https:\/\/www.caririemacao.com\/1\/2020\/02\/28\/prefeito-adriano-wolff-leva-mensagem-do-executivo-na-1a-sessao-do-ano-na-camara-municipal-de-ss-do-umbuzeiro-e-faz-balanco-positivo-dos-3-primeiros-anos-de-gestao\/","title":{"rendered":"Prefeito Adriano Wolff leva mensagem do executivo na 1\u00aa sess\u00e3o do ano na C\u00e2mara Municipal de SS do Umbuzeiro e faz balan\u00e7o positivo dos 3 primeiros anos de gest\u00e3o"},"content":{"rendered":"\n<p>A C\u00e2mara de vereadores de S\u00e3o Sebasti\u00e3o do Umbuzeiro,\u00a0\u00a0ap\u00f3s o t\u00e9rmino do recesso parlamentar onde ficam suspensas sess\u00f5es e audi\u00eancias p\u00fablicas voltou a ser palco das principais demandas da popula\u00e7\u00e3o S\u00e3o-Sebastianense, na noite desta quinta-feira, dia 27 de Fevereiro, com a realiza\u00e7\u00e3o da 1\u00aa Sess\u00e3o Ordin\u00e1ria do Ano de 2020.<br>A reuni\u00e3o foi bastante produtiva e contou com a presen\u00e7a dos vereadores e do prefeito de S\u00e3o Sebasti\u00e3o do Umbuzeiro Adriano Wolff.<strong><br>Mensagem do Executivo<\/strong><br>O prefeito Adriano Wolff, que utilizou a tribuna da Casa, para a leitura da mensagem do executivo, fez uma avalia\u00e7\u00e3o dos tr\u00eas anos e dois meses de sua administra\u00e7\u00e3o.<br>\u201cSabemos que n\u00e3o conseguimos e nem conseguiremos resolver todos os problemas de responsabilidade da Prefeitura, devido a nossa limita\u00e7\u00e3o humana e de recursos, mas uma coisa \u00e9 certa: n\u00e3o poupamos e nem pouparemos esfor\u00e7os para enfrentar e vencei os problemas\u201d, frisou Adriano..<br>O prefeito tamb\u00e9m destacou a boa rela\u00e7\u00e3o institucional estabelecida entre a Prefeitura Municipal e a C\u00e2mara Municipal de S\u00e3o Sebasti\u00e3o do Umbuzeiro.<strong><br>Confira na integra a mensagem do Prefeito Adriano Wolff.<\/strong><em><br>Ao iniciarmos este Ano Legislativo, submeto \u00e0 considera\u00e7\u00e3o desta Casa, em obedi\u00eancia aos preceitos legais, a Mensagem do Ano de 2020, reafirmando o meu respeito ao Poder Legislativo, pelo fundamental papel na constru\u00e7\u00e3o de uma sociedade mais justa e de uma democracia forte e inclusiva.<\/em><br><em>N\u00f3s, o Prefeito, Vice-Prefeito e os representantes desta Casa, fomos eleitos pelo povo e estamos aqui para representa-los. Estamos aqui para trabalhar para todos, para isso vamos manter uma parceria respeitosa que tem como base o di\u00e1logo constante em prol de um objetivo comum, que \u00e9 melhorar a qualidade de vida e dar mais oportunidade para o nosso povo.<\/em><br><em>Agradecemos a colabora\u00e7\u00e3o dos senhores, que mais uma vez priorizaram os interesses e necessidades da popula\u00e7\u00e3o, trabalhando conosco para viabilizar o desenvolvimento do nosso Munic\u00edpio. E \u00e9 essa rela\u00e7\u00e3o harm\u00f4nica, independente e democr\u00e1tica que queremos ver prosperar entre esta Casa Legislativa e o Executivo local, refletindo vontades e iniciativas da popula\u00e7\u00e3o, pois, somente assim, a cidade poder\u00e1 ver suas expectativas e valores no trabalho dos seus representantes eleitos.<\/em><br><em>Durante os 3 primeiros anos que se passaram em nossa gest\u00e3o, avaliamos que fizemos muito em todas as \u00e1reas, especialmente na sa\u00fade, na educa\u00e7\u00e3o, no social, na agricultura, na infraestrutura, no esporte e lazer. Essas \u00e1reas continuar\u00e3o sendo prioridades neste ano.<\/em><br><em>Sabemos que n\u00e3o conseguimos e nem conseguiremos resolver todos os problemas de responsabilidade da Prefeitura, devido a nossa limita\u00e7\u00e3o humana e de recursos, mas uma coisa \u00e9 certa: n\u00e3o poupamos e nem pouparemos esfor\u00e7os para enfrentar e vencei os problemas. Os desafios a serem enfrentados neste ano de 2020 s\u00e3o muitos. Agora, maior \u00e9 a coragem e a confian\u00e7a que temos de trabalhar, enfrentar e vencer os desafios.<\/em><br><em>O principal desafio do Prefeito, na qualidade de administrador de nosso munic\u00edpio continua sendo administrar bem, fazer muito e solucionar os in\u00fameros problemas com poucos recursos de que disp\u00f5e. Ou seja, o Prefeito deve atender as muitas necessidades da popula\u00e7\u00e3o com poucos recursos, da\u00ed a necessidade que temos de priorizar as coisas mais urgentes e necess\u00e1rias.<\/em><br><em>Em nome do Poder Executivo, agrade\u00e7o aos vereadores pela receptividade e Aten\u00e7\u00e3o dispensada \u00e0 nossa mensagem. E reitero o compromisso do di\u00e1logo constante e respeitoso com esta Casa. Somos respons\u00e1veis pela administra\u00e7\u00e3o da cidade e vamos fazer uma gest\u00e3o profissional com planejamento e metas com o objetivo de melhorar a vida do cidad\u00e3o de S\u00e3o Sebasti\u00e3o do Umbuzeiro.<\/em><br><em>Muito obrigado<\/em><br><em>Adriano Jer\u00f4nimo Wolff<\/em><strong>Prefeito<\/strong><\/p>\n\n\n\n<p>Blog do Didi<\/p>\n","protected":false},"excerpt":{"rendered":"<p>A C\u00e2mara de vereadores de S\u00e3o Sebasti\u00e3o do Umbuzeiro,\u00a0\u00a0ap\u00f3s o t\u00e9rmino do recesso parlamentar onde ficam suspensas sess\u00f5es e audi\u00eancias p\u00fablicas voltou a ser palco&hellip; <\/p>\n","protected":false},"author":2,"featured_media":155648,"comment_status":"closed","ping_status":"closed","sticky":false,"template":"","format":"standard","meta":{"sfsi_plus_gutenberg_text_before_share":"","sfsi_plus_gutenberg_show_text_before_share":"","sfsi_plus_gutenberg_icon_type":"","sfsi_plus_gutenberg_icon_alignemt":"","sfsi_plus_gutenburg_max_per_row":"","footnotes":""},"categories":[2],"tags":[],"class_list":["post-155647","post","type-post","status-publish","format-standard","has-post-thumbnail","hentry","category-geral"],"_links":{"self":[{"href":"https:\/\/www.caririemacao.com\/1\/wp-json\/wp\/v2\/posts\/155647","targetHints":{"allow":["GET"]}}],"collection":[{"href":"https:\/\/www.caririemacao.com\/1\/wp-json\/wp\/v2\/posts"}],"about":[{"href":"https:\/\/www.caririemacao.com\/1\/wp-json\/wp\/v2\/types\/post"}],"author":[{"embeddable":true,"href":"https:\/\/www.caririemacao.com\/1\/wp-json\/wp\/v2\/users\/2"}],"replies":[{"embeddable":true,"href":"https:\/\/www.caririemacao.com\/1\/wp-json\/wp\/v2\/comments?post=155647"}],"version-history":[{"count":1,"href":"https:\/\/www.caririemacao.com\/1\/wp-json\/wp\/v2\/posts\/155647\/revisions"}],"predecessor-version":[{"id":155649,"href":"https:\/\/www.caririemacao.com\/1\/wp-json\/wp\/v2\/posts\/155647\/revisions\/155649"}],"wp:featuredmedia":[{"embeddable":true,"href":"https:\/\/www.caririemacao.com\/1\/wp-json\/wp\/v2\/media\/155648"}],"wp:attachment":[{"href":"https:\/\/www.caririemacao.com\/1\/wp-json\/wp\/v2\/media?parent=155647"}],"wp:term":[{"taxonomy":"category","embeddable":true,"href":"https:\/\/www.caririemacao.com\/1\/wp-json\/wp\/v2\/categories?post=155647"},{"taxonomy":"post_tag","embeddable":true,"href":"https:\/\/www.caririemacao.com\/1\/wp-json\/wp\/v2\/tags?post=155647"}],"curies":[{"name":"wp","href":"https:\/\/api.w.org\/{rel}","templated":true}]}}