{"id":155652,"date":"2020-02-28T11:40:20","date_gmt":"2020-02-28T14:40:20","guid":{"rendered":"http:\/\/www.caririemacao.com\/1\/?p=155652"},"modified":"2020-02-28T11:40:21","modified_gmt":"2020-02-28T14:40:21","slug":"prefeitura-e-governo-do-estado-iniciam-distribuicao-de-agua-dessalinizada-em-ouro-velho","status":"publish","type":"post","link":"https:\/\/www.caririemacao.com\/1\/2020\/02\/28\/prefeitura-e-governo-do-estado-iniciam-distribuicao-de-agua-dessalinizada-em-ouro-velho\/","title":{"rendered":"Prefeitura e Governo do Estado iniciam distribui\u00e7\u00e3o de \u00e1gua dessalinizada em Ouro Velho"},"content":{"rendered":"\n<p>A Prefeitura Municipal de Ouro Velho em parceria com o Governo do Estado da Para\u00edba iniciaram a distribui\u00e7\u00e3o de \u00e1gua dessalinizada na zona rural do munic\u00edpio.<\/p>\n\n\n\n<p>De acordo com informa\u00e7\u00f5es de Joia, diretora do Procase no\nCariri, inicialmente ser\u00e3o beneficiadas 40 fam\u00edlias da comunidade Depend\u00eancia.<\/p>\n","protected":false},"excerpt":{"rendered":"<p>A Prefeitura Municipal de Ouro Velho em parceria com o Governo do Estado da Para\u00edba iniciaram a distribui\u00e7\u00e3o de \u00e1gua dessalinizada na zona rural do&hellip; <\/p>\n","protected":false},"author":1,"featured_media":155653,"comment_status":"closed","ping_status":"closed","sticky":false,"template":"","format":"standard","meta":{"sfsi_plus_gutenberg_text_before_share":"","sfsi_plus_gutenberg_show_text_before_share":"","sfsi_plus_gutenberg_icon_type":"","sfsi_plus_gutenberg_icon_alignemt":"","sfsi_plus_gutenburg_max_per_row":"","footnotes":""},"categories":[6,50],"tags":[],"class_list":["post-155652","post","type-post","status-publish","format-standard","has-post-thumbnail","hentry","category-cidades","category-destaque"],"_links":{"self":[{"href":"https:\/\/www.caririemacao.com\/1\/wp-json\/wp\/v2\/posts\/155652","targetHints":{"allow":["GET"]}}],"collection":[{"href":"https:\/\/www.caririemacao.com\/1\/wp-json\/wp\/v2\/posts"}],"about":[{"href":"https:\/\/www.caririemacao.com\/1\/wp-json\/wp\/v2\/types\/post"}],"author":[{"embeddable":true,"href":"https:\/\/www.caririemacao.com\/1\/wp-json\/wp\/v2\/users\/1"}],"replies":[{"embeddable":true,"href":"https:\/\/www.caririemacao.com\/1\/wp-json\/wp\/v2\/comments?post=155652"}],"version-history":[{"count":1,"href":"https:\/\/www.caririemacao.com\/1\/wp-json\/wp\/v2\/posts\/155652\/revisions"}],"predecessor-version":[{"id":155654,"href":"https:\/\/www.caririemacao.com\/1\/wp-json\/wp\/v2\/posts\/155652\/revisions\/155654"}],"wp:featuredmedia":[{"embeddable":true,"href":"https:\/\/www.caririemacao.com\/1\/wp-json\/wp\/v2\/media\/155653"}],"wp:attachment":[{"href":"https:\/\/www.caririemacao.com\/1\/wp-json\/wp\/v2\/media?parent=155652"}],"wp:term":[{"taxonomy":"category","embeddable":true,"href":"https:\/\/www.caririemacao.com\/1\/wp-json\/wp\/v2\/categories?post=155652"},{"taxonomy":"post_tag","embeddable":true,"href":"https:\/\/www.caririemacao.com\/1\/wp-json\/wp\/v2\/tags?post=155652"}],"curies":[{"name":"wp","href":"https:\/\/api.w.org\/{rel}","templated":true}]}}