{"id":155656,"date":"2020-02-28T12:19:12","date_gmt":"2020-02-28T15:19:12","guid":{"rendered":"http:\/\/www.caririemacao.com\/1\/?p=155656"},"modified":"2020-02-28T12:19:14","modified_gmt":"2020-02-28T15:19:14","slug":"resultado-do-exame-em-paciente-com-suspeita-de-coronavirus-na-paraiba-deve-ser-divulgado-ate-o-fim-da-tarde-de-hoje","status":"publish","type":"post","link":"https:\/\/www.caririemacao.com\/1\/2020\/02\/28\/resultado-do-exame-em-paciente-com-suspeita-de-coronavirus-na-paraiba-deve-ser-divulgado-ate-o-fim-da-tarde-de-hoje\/","title":{"rendered":"Resultado do exame em paciente com suspeita de coronav\u00edrus na Para\u00edba deve ser divulgado at\u00e9 o fim da tarde de hoje"},"content":{"rendered":"\n<p>O resultado&nbsp;do exame do paciente com suspeita de coronav\u00edrus, na Para\u00edba deve ser divulgado at\u00e9 o fim da tarde desta sexta-feira (28). De acordo com informa\u00e7\u00f5es da assessoria de comunica\u00e7\u00e3o da Secretaria de Sa\u00fade, o paciente de 59 anos, permanece est\u00e1vel.<\/p>\n\n\n\n<p>O \u00faltimo boletim&nbsp;<a href=\"https:\/\/www.clickpb.com.br\/paraiba\/coronavirus-boletim-medico-revela-medicacao-por-antibioticos-paciente-internado-no-clementino-fraga-278776.html\">divulgado \u00e0s 16h20 desta quinta-feira (27)<\/a>,&nbsp;pelo&nbsp;Hospital Clementino Fraga, o paciente est\u00e1 evoluindo com estabilidade cl\u00ednica e&nbsp;est\u00e1 sendo medicado com antibi\u00f3ticos e antivirais.&nbsp;<\/p>\n\n\n\n<p>O paciente est\u00e1 internado no Hospital Clementino Fraga&nbsp;desde a&nbsp;ter\u00e7a-feira (25), quando desembarcou no aeroporto de Jo\u00e3o Pessoa vindo da&nbsp;It\u00e1lia na \u00faltima&nbsp;segunda-feira (24).&nbsp;<\/p>\n\n\n\n<p>De acordo com o secret\u00e1rio de Sa\u00fade do Estado,&nbsp;Geraldo Medeiros, radiografias&nbsp;apontaram um quadro de&nbsp;pneumonia e o caso foi considerado suspeito porque o paciente come\u00e7ou a sentir os primeiros sintomas da doen\u00e7a durante o per\u00edodo em que estava na It\u00e1lia.<br><\/p>\n\n\n\n<p>Em todo o pa\u00eds, segundo o Minist\u00e9rio da Sa\u00fade, em coletiva de imprensa, feita na tarde desta quinta-feira (27) em rede nacional,&nbsp;o pa\u00eds j\u00e1 chega perto dos 300 casos suspeitos, al\u00e9m de 1 confirmado.<\/p>\n","protected":false},"excerpt":{"rendered":"<p>O resultado&nbsp;do exame do paciente com suspeita de coronav\u00edrus, na Para\u00edba deve ser divulgado at\u00e9 o fim da tarde desta sexta-feira (28). De acordo com&hellip; <\/p>\n","protected":false},"author":2,"featured_media":155657,"comment_status":"closed","ping_status":"closed","sticky":false,"template":"","format":"standard","meta":{"sfsi_plus_gutenberg_text_before_share":"","sfsi_plus_gutenberg_show_text_before_share":"","sfsi_plus_gutenberg_icon_type":"","sfsi_plus_gutenberg_icon_alignemt":"","sfsi_plus_gutenburg_max_per_row":"","footnotes":""},"categories":[50,2],"tags":[],"class_list":["post-155656","post","type-post","status-publish","format-standard","has-post-thumbnail","hentry","category-destaque","category-geral"],"_links":{"self":[{"href":"https:\/\/www.caririemacao.com\/1\/wp-json\/wp\/v2\/posts\/155656","targetHints":{"allow":["GET"]}}],"collection":[{"href":"https:\/\/www.caririemacao.com\/1\/wp-json\/wp\/v2\/posts"}],"about":[{"href":"https:\/\/www.caririemacao.com\/1\/wp-json\/wp\/v2\/types\/post"}],"author":[{"embeddable":true,"href":"https:\/\/www.caririemacao.com\/1\/wp-json\/wp\/v2\/users\/2"}],"replies":[{"embeddable":true,"href":"https:\/\/www.caririemacao.com\/1\/wp-json\/wp\/v2\/comments?post=155656"}],"version-history":[{"count":1,"href":"https:\/\/www.caririemacao.com\/1\/wp-json\/wp\/v2\/posts\/155656\/revisions"}],"predecessor-version":[{"id":155658,"href":"https:\/\/www.caririemacao.com\/1\/wp-json\/wp\/v2\/posts\/155656\/revisions\/155658"}],"wp:featuredmedia":[{"embeddable":true,"href":"https:\/\/www.caririemacao.com\/1\/wp-json\/wp\/v2\/media\/155657"}],"wp:attachment":[{"href":"https:\/\/www.caririemacao.com\/1\/wp-json\/wp\/v2\/media?parent=155656"}],"wp:term":[{"taxonomy":"category","embeddable":true,"href":"https:\/\/www.caririemacao.com\/1\/wp-json\/wp\/v2\/categories?post=155656"},{"taxonomy":"post_tag","embeddable":true,"href":"https:\/\/www.caririemacao.com\/1\/wp-json\/wp\/v2\/tags?post=155656"}],"curies":[{"name":"wp","href":"https:\/\/api.w.org\/{rel}","templated":true}]}}