{"id":155662,"date":"2020-02-28T12:58:55","date_gmt":"2020-02-28T15:58:55","guid":{"rendered":"http:\/\/www.caririemacao.com\/1\/?p=155662"},"modified":"2020-02-28T12:59:00","modified_gmt":"2020-02-28T15:59:00","slug":"governo-da-paraiba-faz-nova-proposta-para-forcas-de-seguranca-nova-audiencia-acontece-na-proxima-sexta","status":"publish","type":"post","link":"https:\/\/www.caririemacao.com\/1\/2020\/02\/28\/governo-da-paraiba-faz-nova-proposta-para-forcas-de-seguranca-nova-audiencia-acontece-na-proxima-sexta\/","title":{"rendered":"Governo da Para\u00edba faz nova proposta para For\u00e7as de Seguran\u00e7a; nova audi\u00eancia acontece na pr\u00f3xima sexta"},"content":{"rendered":"\n<p>O Governo da Para\u00edba lan\u00e7ou nesta sexta-feira (28), uma nova proposta durante audi\u00eancia de concilia\u00e7\u00e3o com&nbsp;as entidades representativas das For\u00e7as de Seguran\u00e7a da Para\u00edba. Por\u00e9m,&nbsp;uma nova audi\u00eancia ficou marcada para a pr\u00f3xima sexta-feira (6), com a expectativa de&nbsp;&nbsp;por fim ao impasse sobre reajuste salarial para policiais.<\/p>\n\n\n\n<p>A audi\u00eancia foi presidida pelo&nbsp;desembargador Leandro dos Santos, que informou que na pr\u00f3xima segunda-feira (03),&nbsp;haver\u00e1 um encontro entre os representantes dos policiais para avaliar a proposta apresentada pelo Estado.<\/p>\n\n\n\n<p>O secret\u00e1rio de Seguran\u00e7a da Para\u00edba, Jean Nunes, informou que o Governo ofereceu&nbsp;a incorpora\u00e7\u00e3o de 30% da bolsa desempenho em 36 parcelas e mais 5% para julho deste ano.&nbsp;<\/p>\n\n\n\n<p>O presidente do Clube dos Oficiais da Para\u00edba, coronel Francisco, afirmou que o F\u00f3rum dever\u00e1 apresentar uma nova proposta para viabilizar reajuste.<\/p>\n\n\n\n<p>\u201cApresentamos as diverg\u00eancias da repercuss\u00e3o financeira do Governo, que s\u00e3o aberrantes. Acredito que as partes entenderam o mais importante, que \u00e9 que existe uma disposi\u00e7\u00e3o de avan\u00e7ar com a media\u00e7\u00e3o com o Tribunal de Justi\u00e7a. Esperamos que na pr\u00f3xima semana n\u00f3s vamos reapresentar uma proposta nossa do F\u00f3rum, onde contempla a incorpora\u00e7\u00e3o da bolsa de desempenho e um percentual de aumento. N\u00f3s, por\u00e9m, rejeitamos qualquer tipo de penduricalho, aumento extra n\u00e3o atende nossa categoria\u201d, disse.<\/p>\n","protected":false},"excerpt":{"rendered":"<p>O Governo da Para\u00edba lan\u00e7ou nesta sexta-feira (28), uma nova proposta durante audi\u00eancia de concilia\u00e7\u00e3o com&nbsp;as entidades representativas das For\u00e7as de Seguran\u00e7a da Para\u00edba. Por\u00e9m,&nbsp;uma&hellip; <\/p>\n","protected":false},"author":2,"featured_media":155663,"comment_status":"closed","ping_status":"closed","sticky":false,"template":"","format":"standard","meta":{"sfsi_plus_gutenberg_text_before_share":"","sfsi_plus_gutenberg_show_text_before_share":"","sfsi_plus_gutenberg_icon_type":"","sfsi_plus_gutenberg_icon_alignemt":"","sfsi_plus_gutenburg_max_per_row":"","footnotes":""},"categories":[2],"tags":[],"class_list":["post-155662","post","type-post","status-publish","format-standard","has-post-thumbnail","hentry","category-geral"],"_links":{"self":[{"href":"https:\/\/www.caririemacao.com\/1\/wp-json\/wp\/v2\/posts\/155662","targetHints":{"allow":["GET"]}}],"collection":[{"href":"https:\/\/www.caririemacao.com\/1\/wp-json\/wp\/v2\/posts"}],"about":[{"href":"https:\/\/www.caririemacao.com\/1\/wp-json\/wp\/v2\/types\/post"}],"author":[{"embeddable":true,"href":"https:\/\/www.caririemacao.com\/1\/wp-json\/wp\/v2\/users\/2"}],"replies":[{"embeddable":true,"href":"https:\/\/www.caririemacao.com\/1\/wp-json\/wp\/v2\/comments?post=155662"}],"version-history":[{"count":1,"href":"https:\/\/www.caririemacao.com\/1\/wp-json\/wp\/v2\/posts\/155662\/revisions"}],"predecessor-version":[{"id":155664,"href":"https:\/\/www.caririemacao.com\/1\/wp-json\/wp\/v2\/posts\/155662\/revisions\/155664"}],"wp:featuredmedia":[{"embeddable":true,"href":"https:\/\/www.caririemacao.com\/1\/wp-json\/wp\/v2\/media\/155663"}],"wp:attachment":[{"href":"https:\/\/www.caririemacao.com\/1\/wp-json\/wp\/v2\/media?parent=155662"}],"wp:term":[{"taxonomy":"category","embeddable":true,"href":"https:\/\/www.caririemacao.com\/1\/wp-json\/wp\/v2\/categories?post=155662"},{"taxonomy":"post_tag","embeddable":true,"href":"https:\/\/www.caririemacao.com\/1\/wp-json\/wp\/v2\/tags?post=155662"}],"curies":[{"name":"wp","href":"https:\/\/api.w.org\/{rel}","templated":true}]}}