{"id":155673,"date":"2020-02-28T13:05:00","date_gmt":"2020-02-28T16:05:00","guid":{"rendered":"http:\/\/www.caririemacao.com\/1\/?p=155673"},"modified":"2020-02-28T13:05:02","modified_gmt":"2020-02-28T16:05:02","slug":"exame-descarta-coronavirus-em-1o-paciente-com-suspeita-na-paraiba","status":"publish","type":"post","link":"https:\/\/www.caririemacao.com\/1\/2020\/02\/28\/exame-descarta-coronavirus-em-1o-paciente-com-suspeita-na-paraiba\/","title":{"rendered":"Exame descarta coronav\u00edrus em 1\u00ba paciente com suspeita na Para\u00edba"},"content":{"rendered":"\n<div class=\"wp-block-image\"><figure class=\"aligncenter\"><img decoding=\"async\" data-src=\"http:\/\/deolhonocariri.com.br\/wp-content\/uploads\/2020\/02\/complexo_hospitalar_clementino_fraga_no_bairro_de_jaguaribe.jpg\" alt=\"\" class=\"wp-image-78454 lazyload\" src=\"data:image\/svg+xml;base64,PHN2ZyB3aWR0aD0iMSIgaGVpZ2h0PSIxIiB4bWxucz0iaHR0cDovL3d3dy53My5vcmcvMjAwMC9zdmciPjwvc3ZnPg==\" \/><\/figure><\/div>\n\n\n\n<p>Saiu no in\u00edcio da tarde desta sexta-feira (28) o primeiro exame do paciente internado na \u00faltima ter\u00e7a-feira (25) com suspeita de coronav\u00edrus em Jo\u00e3o Pessoa.<\/p>\n\n\n\n<p>De acordo com a coleta, ficou registrado que ele, que segue no Complexo Hospitalar Clementino Fraga, foi diagnosticado com Rinov\u00edrus. Segundo o exame, o paciente teve os primeiros sintomas em 21 de fevereiro.<\/p>\n\n\n\n<p>O paciente, de 59 anos, esteve com a esposa durante viagem \u00e0 It\u00e1lia e retornou ao Brasil pelo Aeroporto Internacional do Recife, em Pernambuco. Ap\u00f3s sentir os sintomas, ele foi encaminhado para a unidade hospitalar e ficou em \u00e1rea reservada, apenas mantendo contato com a equipe m\u00e9dica.<\/p>\n\n\n\n<p>Os familiares do senhor, a esposa, o filho e nora, precisaram ficar em quarentena em casa sem contato com ningu\u00e9m, mesmo sem apresentar qualquer tipo de sintoma.<\/p>\n\n\n\n<p><em>Mais PB<\/em><\/p>\n","protected":false},"excerpt":{"rendered":"<p>Saiu no in\u00edcio da tarde desta sexta-feira (28) o primeiro exame do paciente internado na \u00faltima ter\u00e7a-feira (25) com suspeita de coronav\u00edrus em Jo\u00e3o Pessoa.&hellip; <\/p>\n","protected":false},"author":2,"featured_media":155674,"comment_status":"closed","ping_status":"closed","sticky":false,"template":"","format":"standard","meta":{"sfsi_plus_gutenberg_text_before_share":"","sfsi_plus_gutenberg_show_text_before_share":"","sfsi_plus_gutenberg_icon_type":"","sfsi_plus_gutenberg_icon_alignemt":"","sfsi_plus_gutenburg_max_per_row":"","footnotes":""},"categories":[50,2],"tags":[],"class_list":["post-155673","post","type-post","status-publish","format-standard","has-post-thumbnail","hentry","category-destaque","category-geral"],"_links":{"self":[{"href":"https:\/\/www.caririemacao.com\/1\/wp-json\/wp\/v2\/posts\/155673","targetHints":{"allow":["GET"]}}],"collection":[{"href":"https:\/\/www.caririemacao.com\/1\/wp-json\/wp\/v2\/posts"}],"about":[{"href":"https:\/\/www.caririemacao.com\/1\/wp-json\/wp\/v2\/types\/post"}],"author":[{"embeddable":true,"href":"https:\/\/www.caririemacao.com\/1\/wp-json\/wp\/v2\/users\/2"}],"replies":[{"embeddable":true,"href":"https:\/\/www.caririemacao.com\/1\/wp-json\/wp\/v2\/comments?post=155673"}],"version-history":[{"count":1,"href":"https:\/\/www.caririemacao.com\/1\/wp-json\/wp\/v2\/posts\/155673\/revisions"}],"predecessor-version":[{"id":155675,"href":"https:\/\/www.caririemacao.com\/1\/wp-json\/wp\/v2\/posts\/155673\/revisions\/155675"}],"wp:featuredmedia":[{"embeddable":true,"href":"https:\/\/www.caririemacao.com\/1\/wp-json\/wp\/v2\/media\/155674"}],"wp:attachment":[{"href":"https:\/\/www.caririemacao.com\/1\/wp-json\/wp\/v2\/media?parent=155673"}],"wp:term":[{"taxonomy":"category","embeddable":true,"href":"https:\/\/www.caririemacao.com\/1\/wp-json\/wp\/v2\/categories?post=155673"},{"taxonomy":"post_tag","embeddable":true,"href":"https:\/\/www.caririemacao.com\/1\/wp-json\/wp\/v2\/tags?post=155673"}],"curies":[{"name":"wp","href":"https:\/\/api.w.org\/{rel}","templated":true}]}}