{"id":155677,"date":"2020-02-28T13:07:24","date_gmt":"2020-02-28T16:07:24","guid":{"rendered":"http:\/\/www.caririemacao.com\/1\/?p=155677"},"modified":"2020-02-28T13:07:26","modified_gmt":"2020-02-28T16:07:26","slug":"desemprego-fica-em-112-em-janeiro-mas-quase-12-milhoes-de-brasileiros-ainda-estao-sem-trabalho","status":"publish","type":"post","link":"https:\/\/www.caririemacao.com\/1\/2020\/02\/28\/desemprego-fica-em-112-em-janeiro-mas-quase-12-milhoes-de-brasileiros-ainda-estao-sem-trabalho\/","title":{"rendered":"Desemprego fica em 11,2% em janeiro, mas quase 12 milh\u00f5es de brasileiros ainda est\u00e3o sem trabalho"},"content":{"rendered":"\n<p>A taxa de desemprego no Brasil caiu no primeiro m\u00eas do ano, segundo dados da Pnad Cont\u00ednua, divulgada nesta sexta-feira pelo IBGE. O resultado do trimestre encerrado em janeiro foi de 11,2%, atingindo 11,9 milh\u00f5es de pessoas. Houve queda de 0,4 ponto percentual em rela\u00e7\u00e3o ao trimestre encerrado em outubro, que serve como base de compara\u00e7\u00e3o para o dado atual.<\/p>\n\n\n\n<p>Institui\u00e7\u00f5es financeiras ouvidas pela Bloomberg projetavam uma taxa de 11,3% para o trimestre encerrado em janeiro. Um ano antes, no trimestre encerrado no mesmo m\u00eas de 2019, a taxa havia ficado em 12%.<\/p>\n\n\n\n<p>A taxa de informalidade atingiu 40,7% da popula\u00e7\u00e3o ocupada, representando um contingente de 38,3 milh\u00f5es de trabalhadores informais. No trimestre encerrado em outubro de 2019, essa taxa havia sido de 41,2% e no mesmo trimestre do ano anterior, 40,6%.<\/p>\n\n\n\n<p>O n\u00famero de empregados com carteira de trabalho assinada no setor privado (excluindo trabalhadores dom\u00e9sticos) chegou a 33,7 milh\u00f5es e cresceu em ambas as compara\u00e7\u00f5es: 1,5% (mais 504 mil pessoas) em rela\u00e7\u00e3o ao trimestre terminado em outubro e 2,6% (mais 845 mil pessoas) contra o mesmo trimestre do ano anterior.<\/p>\n\n\n\n<p>A categoria dos empregados sem carteira assinada no setor privado (11,7 milh\u00f5es de pessoas) ficou est\u00e1vel em rela\u00e7\u00e3o ao trimestre m\u00f3vel anterior e cresceu 3,7% (ou mais 419 mil pessoas) comparada ao mesmo trimestre de 2019.<\/p>\n\n\n\n<p><strong>Rendimento m\u00e9dio \u00e9 de R$ 2.361<\/strong><br>O rendimento m\u00e9dio real (R$ 2.361) ficou est\u00e1vel em todas as compara\u00e7\u00f5es. J\u00e1 a massa de rendimento real (R$ 217,4 bilh\u00f5es) ficou est\u00e1vel frente ao trimestre anterior e cresceu 2,2% frente ao mesmo trimestre do ano anterior.<\/p>\n\n\n\n<p>A Pnad analisa tanto o mercado formal quanto o informal. Esta \u00e9 a primeira estat\u00edstica de emprego divulgada para 2020.<\/p>\n\n\n\n<p>Na quinta, o Minist\u00e9rio da Economia anunciou o atraso na divulga\u00e7\u00e3o do Cadastro Geral de Empregados e Desempregados (Caged), que monitora o mercado formal. O n\u00famero s\u00f3 ser\u00e1 conhecido na segunda quinzena de mar\u00e7o. Tradicionalmente,&nbsp; os dados&nbsp; costumavam ser divulgados por volta do dia 20 no m\u00eas subsequente.<\/p>\n\n\n\n<p><strong>Os n\u00fameros por tr\u00e1s do desemprego<\/strong><\/p>\n\n\n\n<ul class=\"wp-block-list\"><li>11,9 milh\u00f5es de desempregados<\/li><\/ul>\n\n\n\n<p>S\u00e3o os brasileiros que buscaram uma vaga na semana da pesquisa do IBGE, mas n\u00e3o encontraram.<\/p>\n\n\n\n<ul class=\"wp-block-list\"><li>26,4 milh\u00f5es de subutilizados<\/li><\/ul>\n\n\n\n<p>A conta considera os trabalhadores desempregados, subocupados e a for\u00e7a de trabalho potencial. A redu\u00e7\u00e3o de 2,7% se comparado ao trimestre encerrado em outubro, e de 3,4%&nbsp; na compara\u00e7\u00e3o com o mesmo per\u00edodo do ano passado.<\/p>\n\n\n\n<ul class=\"wp-block-list\"><li>6,6 milh\u00f5es de subocupados por insufici\u00eancia de horas<\/li><\/ul>\n\n\n\n<p>Aqueles que trabalharam menos de 40 horas semanais e gostariam de ter uma jornada maior. A taxa ficou est\u00e1vel se comparado ao mesmo per\u00edodo do ano anterior<\/p>\n\n\n\n<ul class=\"wp-block-list\"><li>7,7 milh\u00f5es na for\u00e7a potencial<\/li><\/ul>\n\n\n\n<p>Considera quem procurou uma vaga,mas,por algum motivo, como cuidado com um parente,n\u00e3o estava dispon\u00edvel para trabalhar; e quem n\u00e3o procurou,mas estava dispon\u00edvel, considerando os desalentados.<\/p>\n","protected":false},"excerpt":{"rendered":"<p>A taxa de desemprego no Brasil caiu no primeiro m\u00eas do ano, segundo dados da Pnad Cont\u00ednua, divulgada nesta sexta-feira pelo IBGE. O resultado do&hellip; <\/p>\n","protected":false},"author":2,"featured_media":155678,"comment_status":"closed","ping_status":"closed","sticky":false,"template":"","format":"standard","meta":{"sfsi_plus_gutenberg_text_before_share":"","sfsi_plus_gutenberg_show_text_before_share":"","sfsi_plus_gutenberg_icon_type":"","sfsi_plus_gutenberg_icon_alignemt":"","sfsi_plus_gutenburg_max_per_row":"","footnotes":""},"categories":[2],"tags":[],"class_list":["post-155677","post","type-post","status-publish","format-standard","has-post-thumbnail","hentry","category-geral"],"_links":{"self":[{"href":"https:\/\/www.caririemacao.com\/1\/wp-json\/wp\/v2\/posts\/155677","targetHints":{"allow":["GET"]}}],"collection":[{"href":"https:\/\/www.caririemacao.com\/1\/wp-json\/wp\/v2\/posts"}],"about":[{"href":"https:\/\/www.caririemacao.com\/1\/wp-json\/wp\/v2\/types\/post"}],"author":[{"embeddable":true,"href":"https:\/\/www.caririemacao.com\/1\/wp-json\/wp\/v2\/users\/2"}],"replies":[{"embeddable":true,"href":"https:\/\/www.caririemacao.com\/1\/wp-json\/wp\/v2\/comments?post=155677"}],"version-history":[{"count":1,"href":"https:\/\/www.caririemacao.com\/1\/wp-json\/wp\/v2\/posts\/155677\/revisions"}],"predecessor-version":[{"id":155679,"href":"https:\/\/www.caririemacao.com\/1\/wp-json\/wp\/v2\/posts\/155677\/revisions\/155679"}],"wp:featuredmedia":[{"embeddable":true,"href":"https:\/\/www.caririemacao.com\/1\/wp-json\/wp\/v2\/media\/155678"}],"wp:attachment":[{"href":"https:\/\/www.caririemacao.com\/1\/wp-json\/wp\/v2\/media?parent=155677"}],"wp:term":[{"taxonomy":"category","embeddable":true,"href":"https:\/\/www.caririemacao.com\/1\/wp-json\/wp\/v2\/categories?post=155677"},{"taxonomy":"post_tag","embeddable":true,"href":"https:\/\/www.caririemacao.com\/1\/wp-json\/wp\/v2\/tags?post=155677"}],"curies":[{"name":"wp","href":"https:\/\/api.w.org\/{rel}","templated":true}]}}