{"id":155681,"date":"2020-02-28T13:10:18","date_gmt":"2020-02-28T16:10:18","guid":{"rendered":"http:\/\/www.caririemacao.com\/1\/?p=155681"},"modified":"2020-02-28T13:10:19","modified_gmt":"2020-02-28T16:10:19","slug":"lula-recebe-titulo-em-paris-e-participa-de-encontro-com-prefeita-junto-com-dilma","status":"publish","type":"post","link":"https:\/\/www.caririemacao.com\/1\/2020\/02\/28\/lula-recebe-titulo-em-paris-e-participa-de-encontro-com-prefeita-junto-com-dilma\/","title":{"rendered":"Lula recebe t\u00edtulo em Paris e participa de encontro com prefeita junto com Dilma"},"content":{"rendered":"\n<p> Al\u00e9m de receber o t\u00edtulo de cidad\u00e3o honor\u00e1rio em Paris na pr\u00f3xima semana, Lula vai participar de um debate com a prefeita da cidade, Anne Hidalgo, que concedeu a honraria ao l\u00edder petista. A ex-presidente Dilma Rousseff tamb\u00e9m vai participar do debate.<\/p>\n\n\n\n<p>O encontro ser\u00e1 na noite de segunda-feira (02) no Theatre du Gymnase, em Paris. A homenagem foi dada a Lula pelo Conseil de Paris (Conselho de Paris), o equivalente a uma C\u00e2mara dos Vereadores, em outubro do ano passado. Na \u00e9poca, ele estava preso na carceragem de Curitiba.<\/p>\n\n\n\n<p>Na mesma viagem, Lula ir\u00e1 para Genebra e Berlim, onde se reunir\u00e1 com lideran\u00e7as religiosas, pol\u00edticas e sindicais.<\/p>\n","protected":false},"excerpt":{"rendered":"<p>Al\u00e9m de receber o t\u00edtulo de cidad\u00e3o honor\u00e1rio em Paris na pr\u00f3xima semana, Lula vai participar de um debate com a prefeita da cidade, Anne&hellip; <\/p>\n","protected":false},"author":2,"featured_media":155682,"comment_status":"closed","ping_status":"closed","sticky":false,"template":"","format":"standard","meta":{"sfsi_plus_gutenberg_text_before_share":"","sfsi_plus_gutenberg_show_text_before_share":"","sfsi_plus_gutenberg_icon_type":"","sfsi_plus_gutenberg_icon_alignemt":"","sfsi_plus_gutenburg_max_per_row":"","footnotes":""},"categories":[2],"tags":[],"class_list":["post-155681","post","type-post","status-publish","format-standard","has-post-thumbnail","hentry","category-geral"],"_links":{"self":[{"href":"https:\/\/www.caririemacao.com\/1\/wp-json\/wp\/v2\/posts\/155681","targetHints":{"allow":["GET"]}}],"collection":[{"href":"https:\/\/www.caririemacao.com\/1\/wp-json\/wp\/v2\/posts"}],"about":[{"href":"https:\/\/www.caririemacao.com\/1\/wp-json\/wp\/v2\/types\/post"}],"author":[{"embeddable":true,"href":"https:\/\/www.caririemacao.com\/1\/wp-json\/wp\/v2\/users\/2"}],"replies":[{"embeddable":true,"href":"https:\/\/www.caririemacao.com\/1\/wp-json\/wp\/v2\/comments?post=155681"}],"version-history":[{"count":1,"href":"https:\/\/www.caririemacao.com\/1\/wp-json\/wp\/v2\/posts\/155681\/revisions"}],"predecessor-version":[{"id":155683,"href":"https:\/\/www.caririemacao.com\/1\/wp-json\/wp\/v2\/posts\/155681\/revisions\/155683"}],"wp:featuredmedia":[{"embeddable":true,"href":"https:\/\/www.caririemacao.com\/1\/wp-json\/wp\/v2\/media\/155682"}],"wp:attachment":[{"href":"https:\/\/www.caririemacao.com\/1\/wp-json\/wp\/v2\/media?parent=155681"}],"wp:term":[{"taxonomy":"category","embeddable":true,"href":"https:\/\/www.caririemacao.com\/1\/wp-json\/wp\/v2\/categories?post=155681"},{"taxonomy":"post_tag","embeddable":true,"href":"https:\/\/www.caririemacao.com\/1\/wp-json\/wp\/v2\/tags?post=155681"}],"curies":[{"name":"wp","href":"https:\/\/api.w.org\/{rel}","templated":true}]}}