{"id":155684,"date":"2020-02-28T13:31:06","date_gmt":"2020-02-28T16:31:06","guid":{"rendered":"http:\/\/www.caririemacao.com\/1\/?p=155684"},"modified":"2020-02-28T13:31:09","modified_gmt":"2020-02-28T16:31:09","slug":"america-latina-reforca-medidas-de-protecao-contra-novo-coronavirus","status":"publish","type":"post","link":"https:\/\/www.caririemacao.com\/1\/2020\/02\/28\/america-latina-reforca-medidas-de-protecao-contra-novo-coronavirus\/","title":{"rendered":"Am\u00e9rica Latina refor\u00e7a medidas de prote\u00e7\u00e3o contra novo coronav\u00edrus"},"content":{"rendered":"\n<p>A capital da Col\u00f4mbia, Bogot\u00e1, recebeu na noite desta quinta-feira (27), quinze colombianos repatriados de Wuhan, cidade chinesa onde come\u00e7ou o&nbsp;<a href=\"http:\/\/agenciabrasil.ebc.com.br\/internacional\/noticia\/2020-02\/em-24-horas-sete-paises-registraram-primeiro-caso-do-novo-coronavirus\" target=\"_blank\" rel=\"noreferrer noopener\">surto do novo coronav\u00edrus<\/a>. Eles ficar\u00e3o em quarentena no Centro de Alto rendimento de Bogot\u00e1, um moderno complexo esportivo.<\/p>\n\n\n\n<p>Os colombianos est\u00e3o sendo transportados em um avi\u00e3o da For\u00e7a A\u00e9rea do pa\u00eds e passar\u00e3o por exames na chegada, durante a quarentena e ao final dos 14 dias de isolamento.<\/p>\n\n\n\n<p>O ministro da Sa\u00fade da Col\u00f4mbia, Iv\u00e1n Dar\u00edo Gonz\u00e1lez, afirmou em uma coletiva de imprensa que haver\u00e1 atendimento m\u00e9dico especializado e quartos individuais para cada um dos cidad\u00e3os transladados.<\/p>\n\n\n\n<p>&#8220;A qualquer momento teremos o primeiro caso na Col\u00f4mbia e estamos preparados para isso tamb\u00e9m&#8221;, afirmou Gonz\u00e1lez.<\/p>\n\n\n\n<h2 class=\"wp-block-heading\">Equador<\/h2>\n\n\n\n<p>O Equador destinar\u00e1 um hospital para atender exclusivamente casos relacionados ao novo coronav\u00edrus. O centro m\u00e9dico, cujo nome ainda n\u00e3o foi divulgado, come\u00e7ar\u00e1 a funcionar na semana que vem.<\/p>\n\n\n\n<p>De acordo com informa\u00e7\u00f5es do Minist\u00e9rio da Sa\u00fade equatoriano, n\u00e3o h\u00e1 casos suspeitos at\u00e9 o momento e o pa\u00eds cumpre com protocolos e medidas de vigil\u00e2ncia epidemiol\u00f3gica recomendadas pela OMS. O organismo afirmou, em nota, contar com 194 epidemiologistas e 15 hospitais da rede p\u00fablica e privada preparados para lidar com a doen\u00e7a.<\/p>\n\n\n\n<h2 class=\"wp-block-heading\">Bol\u00edvia<\/h2>\n\n\n\n<p>Na Bol\u00edvia, um segundo caso suspeito de contamina\u00e7\u00e3o pelo novo coronav\u00edrus teve resultado negativo. O ministro da Sa\u00fade, An\u00edbal Cruz, afirmou que nas pr\u00f3ximas horas ser\u00e1 divulgado o resultado da contraprova para que se possa descartar por completo a hip\u00f3tese da doen\u00e7a.<\/p>\n\n\n\n<p>Cruz afirmou ainda que, na tarde de hoje, participar\u00e1 de uma confer\u00eancia com Chile, Col\u00f4mbia,&nbsp; Equador, Peru e Venezuela para discutir o tema, com assessoramento da Organiza\u00e7\u00e3o Mundial da Sa\u00fade.<\/p>\n\n\n\n<h2 class=\"wp-block-heading\">Paraguai<\/h2>\n\n\n\n<p>Desde a quarta-feira (26) o Paraguai anunciou &#8220;alerta m\u00e1ximo&#8221; em rela\u00e7\u00e3o ao novo coronav\u00edrus. O diretor de Vigil\u00e2ncia Sanit\u00e1ria, Guillermo Sequera, afirmou que a doen\u00e7a deve chegar ao pa\u00eds nos &#8220;pr\u00f3ximos dias ou semanas&#8221;, uma vez que j\u00e1 chegou ao Brasil, pa\u00eds fronteiri\u00e7o.<\/p>\n\n\n\n<p>H\u00e1 um cidad\u00e3o paraguaio em observa\u00e7\u00e3o ap\u00f3s ter regressado de uma viagem \u00e0 China. O primeiro exame deu negativo para a doen\u00e7a, mas ele segue em quarentena por precau\u00e7\u00e3o, segundo autoridades paraguaias.<\/p>\n","protected":false},"excerpt":{"rendered":"<p>A capital da Col\u00f4mbia, Bogot\u00e1, recebeu na noite desta quinta-feira (27), quinze colombianos repatriados de Wuhan, cidade chinesa onde come\u00e7ou o&nbsp;surto do novo coronav\u00edrus. Eles&hellip; <\/p>\n","protected":false},"author":2,"featured_media":155685,"comment_status":"closed","ping_status":"closed","sticky":false,"template":"","format":"standard","meta":{"sfsi_plus_gutenberg_text_before_share":"","sfsi_plus_gutenberg_show_text_before_share":"","sfsi_plus_gutenberg_icon_type":"","sfsi_plus_gutenberg_icon_alignemt":"","sfsi_plus_gutenburg_max_per_row":"","footnotes":""},"categories":[2],"tags":[],"class_list":["post-155684","post","type-post","status-publish","format-standard","has-post-thumbnail","hentry","category-geral"],"_links":{"self":[{"href":"https:\/\/www.caririemacao.com\/1\/wp-json\/wp\/v2\/posts\/155684","targetHints":{"allow":["GET"]}}],"collection":[{"href":"https:\/\/www.caririemacao.com\/1\/wp-json\/wp\/v2\/posts"}],"about":[{"href":"https:\/\/www.caririemacao.com\/1\/wp-json\/wp\/v2\/types\/post"}],"author":[{"embeddable":true,"href":"https:\/\/www.caririemacao.com\/1\/wp-json\/wp\/v2\/users\/2"}],"replies":[{"embeddable":true,"href":"https:\/\/www.caririemacao.com\/1\/wp-json\/wp\/v2\/comments?post=155684"}],"version-history":[{"count":1,"href":"https:\/\/www.caririemacao.com\/1\/wp-json\/wp\/v2\/posts\/155684\/revisions"}],"predecessor-version":[{"id":155686,"href":"https:\/\/www.caririemacao.com\/1\/wp-json\/wp\/v2\/posts\/155684\/revisions\/155686"}],"wp:featuredmedia":[{"embeddable":true,"href":"https:\/\/www.caririemacao.com\/1\/wp-json\/wp\/v2\/media\/155685"}],"wp:attachment":[{"href":"https:\/\/www.caririemacao.com\/1\/wp-json\/wp\/v2\/media?parent=155684"}],"wp:term":[{"taxonomy":"category","embeddable":true,"href":"https:\/\/www.caririemacao.com\/1\/wp-json\/wp\/v2\/categories?post=155684"},{"taxonomy":"post_tag","embeddable":true,"href":"https:\/\/www.caririemacao.com\/1\/wp-json\/wp\/v2\/tags?post=155684"}],"curies":[{"name":"wp","href":"https:\/\/api.w.org\/{rel}","templated":true}]}}