{"id":155687,"date":"2020-02-28T13:34:19","date_gmt":"2020-02-28T16:34:19","guid":{"rendered":"http:\/\/www.caririemacao.com\/1\/?p=155687"},"modified":"2020-02-28T13:34:21","modified_gmt":"2020-02-28T16:34:21","slug":"prouni-selecionados-na-2a-chamada-podem-comprovar-dados-ate-hoje","status":"publish","type":"post","link":"https:\/\/www.caririemacao.com\/1\/2020\/02\/28\/prouni-selecionados-na-2a-chamada-podem-comprovar-dados-ate-hoje\/","title":{"rendered":"ProUni: selecionados na 2\u00aa chamada podem comprovar dados at\u00e9 hoje"},"content":{"rendered":"\n<p>Os estudantes selecionados em segunda chamada para o Programa Universidade para Todos (ProUni) t\u00eam at\u00e9 esta sexta-feira (28) para comprovar as informa\u00e7\u00f5es fornecidas no ato da inscri\u00e7\u00e3o. A documenta\u00e7\u00e3o deve ser apresentada diretamente \u00e0s institui\u00e7\u00f5es de ensino.<\/p>\n\n\n\n<p>As bolsas de estudo n\u00e3o solicitadas ser\u00e3o destinadas aos participantes da lista de espera. O prazo para se inscrever na lista de espera \u00e9 de 6 a 9 de mar\u00e7o e a divulga\u00e7\u00e3o ser\u00e1 feita no dia 12 de mar\u00e7o.<\/p>\n\n\n\n<p>Neste semestre, o ProUni est\u00e1 oferecendo 252.534 bolsas. O sistema registrou mais de 1,5 milh\u00e3o de inscri\u00e7\u00f5es, feitas por 782.497 estudantes. O n\u00famero de inscri\u00e7\u00f5es \u00e9 maior que o de inscritos porque cada participante pode escolher at\u00e9 duas op\u00e7\u00f5es de institui\u00e7\u00e3o, curso e turno.<\/p>\n\n\n\n<h2 class=\"wp-block-heading\">ProUni<\/h2>\n\n\n\n<p>O ProUni \u00e9 um programa do Minist\u00e9rio da Educa\u00e7\u00e3o que oferece bolsas de estudos, integrais e parciais (50%), em institui\u00e7\u00f5es particulares de educa\u00e7\u00e3o superior.<\/p>\n\n\n\n<p>Podem participar estudantes que tenham cursado todo o ensino m\u00e9dio na rede p\u00fablica, ou na rede particular na condi\u00e7\u00e3o de bolsista integral; estudantes com defici\u00eancia; professores da rede p\u00fablica de ensino, no efetivo exerc\u00edcio do magist\u00e9rio da educa\u00e7\u00e3o b\u00e1sica, integrantes de quadro de pessoal permanente de institui\u00e7\u00e3o p\u00fablica.<\/p>\n\n\n\n<p>Para concorrer \u00e0s bolsas integrais, o estudante deve comprovar renda familiar bruta mensal, por pessoa, de at\u00e9 um sal\u00e1rio m\u00ednimo e meio. Para as parciais, a renda familiar bruta mensal deve ser de at\u00e9 tr\u00eas sal\u00e1rios m\u00ednimos por pessoa.<\/p>\n\n\n\n<p>S\u00f3 pode se inscrever no ProUni o estudante que n\u00e3o tiver diploma de curso superior, que tenha participado do Enem mais recente e obtido, no m\u00ednimo, 450 pontos de m\u00e9dia das notas, e nota acima de zero na reda\u00e7\u00e3o.<\/p>\n","protected":false},"excerpt":{"rendered":"<p>Os estudantes selecionados em segunda chamada para o Programa Universidade para Todos (ProUni) t\u00eam at\u00e9 esta sexta-feira (28) para comprovar as informa\u00e7\u00f5es fornecidas no ato&hellip; <\/p>\n","protected":false},"author":2,"featured_media":155688,"comment_status":"closed","ping_status":"closed","sticky":false,"template":"","format":"standard","meta":{"sfsi_plus_gutenberg_text_before_share":"","sfsi_plus_gutenberg_show_text_before_share":"","sfsi_plus_gutenberg_icon_type":"","sfsi_plus_gutenberg_icon_alignemt":"","sfsi_plus_gutenburg_max_per_row":"","footnotes":""},"categories":[2],"tags":[],"class_list":["post-155687","post","type-post","status-publish","format-standard","has-post-thumbnail","hentry","category-geral"],"_links":{"self":[{"href":"https:\/\/www.caririemacao.com\/1\/wp-json\/wp\/v2\/posts\/155687","targetHints":{"allow":["GET"]}}],"collection":[{"href":"https:\/\/www.caririemacao.com\/1\/wp-json\/wp\/v2\/posts"}],"about":[{"href":"https:\/\/www.caririemacao.com\/1\/wp-json\/wp\/v2\/types\/post"}],"author":[{"embeddable":true,"href":"https:\/\/www.caririemacao.com\/1\/wp-json\/wp\/v2\/users\/2"}],"replies":[{"embeddable":true,"href":"https:\/\/www.caririemacao.com\/1\/wp-json\/wp\/v2\/comments?post=155687"}],"version-history":[{"count":1,"href":"https:\/\/www.caririemacao.com\/1\/wp-json\/wp\/v2\/posts\/155687\/revisions"}],"predecessor-version":[{"id":155689,"href":"https:\/\/www.caririemacao.com\/1\/wp-json\/wp\/v2\/posts\/155687\/revisions\/155689"}],"wp:featuredmedia":[{"embeddable":true,"href":"https:\/\/www.caririemacao.com\/1\/wp-json\/wp\/v2\/media\/155688"}],"wp:attachment":[{"href":"https:\/\/www.caririemacao.com\/1\/wp-json\/wp\/v2\/media?parent=155687"}],"wp:term":[{"taxonomy":"category","embeddable":true,"href":"https:\/\/www.caririemacao.com\/1\/wp-json\/wp\/v2\/categories?post=155687"},{"taxonomy":"post_tag","embeddable":true,"href":"https:\/\/www.caririemacao.com\/1\/wp-json\/wp\/v2\/tags?post=155687"}],"curies":[{"name":"wp","href":"https:\/\/api.w.org\/{rel}","templated":true}]}}