{"id":155695,"date":"2020-02-28T13:53:12","date_gmt":"2020-02-28T16:53:12","guid":{"rendered":"http:\/\/www.caririemacao.com\/1\/?p=155695"},"modified":"2020-02-28T13:53:34","modified_gmt":"2020-02-28T16:53:34","slug":"prefeitura-de-sume-conquista-o-selo-prefeitura-amiga-da-mulher","status":"publish","type":"post","link":"https:\/\/www.caririemacao.com\/1\/2020\/02\/28\/prefeitura-de-sume-conquista-o-selo-prefeitura-amiga-da-mulher\/","title":{"rendered":"Prefeitura de Sum\u00e9 conquista o selo Prefeitura Amiga da Mulher"},"content":{"rendered":"\n<p>O munic\u00edpio de Sum\u00e9 foi selecionado no pr\u00eamio \u201cPrefeitura Amiga da Mulher\u201d realizado pelo Governo do Estado da Para\u00edba. O edital com o resultado e a classifica\u00e7\u00e3o dos munic\u00edpios foi divulgada pela Secretaria Estadual das Mulheres e da Diversidade Humana, na edi\u00e7\u00e3o do Di\u00e1rio Oficial do Estado desta sexta feira (28).<\/p>\n\n\n\n<p>A prefeitura de Sum\u00e9 conquistou a maior pontua\u00e7\u00e3o dentre os munic\u00edpios do Cariri e do Serid\u00f3 e uma das maiores pontua\u00e7\u00f5es (5.900) dentre os 36 munic\u00edpios selecionados. O munic\u00edpio de Alagoinha obteve a maior pontua\u00e7\u00e3o, seguido de Conde, Pombal, Sum\u00e9 e Bayeux. &nbsp;O prefeito \u00c9den Duarte e os demais gestores dos munic\u00edpios selecionados receber\u00e3o o selo em solenidade no pr\u00f3ximo dia 12 de mar\u00e7o, em Jo\u00e3o Pessoa, com a presen\u00e7a do governador Jo\u00e3o Azev\u00eado.<\/p>\n\n\n\n<p>A organiza\u00e7\u00e3o do pr\u00eamio realizado em parceria com a Famup foi avaliar as pol\u00edticas e a\u00e7\u00f5es de enfrentamento e combate \u00e0 viol\u00eancia de g\u00eanero que envolvam o compartilhamento de informa\u00e7\u00f5es e capacita\u00e7\u00f5es visando o empoderamento das mulheres em situa\u00e7\u00e3o de viol\u00eancia.<\/p>\n\n\n\n<p>De acordo com a secret\u00e1ria de Assist\u00eancia Social de Sum\u00e9, Tanniery L\u00eala Ara\u00fajo, esse \u00e9 um t\u00edtulo importante conquistado pelo esfor\u00e7o e empenho de uma equipe que atuou de forma integrada para conseguir este selo. \u201cEsse desempenho que colocou Sum\u00e9 com a melhor pontua\u00e7\u00e3o entre os munic\u00edpios do Cariri e do Serid\u00f3 e entre os melhores da Para\u00edba vem confirmar o compromisso da gest\u00e3o municipal e das institui\u00e7\u00f5es parceiras com as pol\u00edticas p\u00fablicas e o enfrentamento \u00e0 viol\u00eancia contra as mulheres\u201d, destacou a secret\u00e1ria.<\/p>\n\n\n\n<p>Tanniery destacou que a\u00e7\u00f5es como a cria\u00e7\u00e3o do departamento para as mulheres e do conselho municipal pelo prefeito \u00c9den Duarte, campanhas educativas, a assist\u00eancia psicol\u00f3gica e em sa\u00fade \u00e0s mulheres v\u00edtimas de viol\u00eancia e a realiza\u00e7\u00e3o da I Confer\u00eancia Municipal das Mulheres, no pr\u00f3ximo dia 31 de mar\u00e7o, demonstram o compromisso com o enfrentamento dessa grande problem\u00e1tica vivenciada pela sociedade.<\/p>\n\n\n\n<p>De acordo com&nbsp;a soci\u00f3loga e colaboradora da Prefeitura de Sum\u00e9, Paula W\u00eandia, o apoio e o resgate da cidadania das mulheres integra a pauta administrativa do munic\u00edpio de Sum\u00e9. \u201cCompreendemos que, ao contribuirmos com o processo de reflex\u00e3o, conscientiza\u00e7\u00e3o e fortalecimento sobre a reprodu\u00e7\u00e3o das v\u00e1rias formas de viol\u00eancia contra a mulher, estaremos fornecendo ferramentas que promovam o exerc\u00edcio efetivo do direito \u00e0 vida e \u00e0 cidadania, envolvendo diversos atores participantes do processo de garantia destes direitos para o combate a toda forma de viol\u00eancia e opress\u00e3o\u201d, declarou.<\/p>\n\n\n\n<p>Ascom<\/p>\n","protected":false},"excerpt":{"rendered":"<p>O munic\u00edpio de Sum\u00e9 foi selecionado no pr\u00eamio \u201cPrefeitura Amiga da Mulher\u201d realizado pelo Governo do Estado da Para\u00edba. O edital com o resultado e&hellip; <\/p>\n","protected":false},"author":2,"featured_media":154554,"comment_status":"closed","ping_status":"closed","sticky":false,"template":"","format":"standard","meta":{"sfsi_plus_gutenberg_text_before_share":"","sfsi_plus_gutenberg_show_text_before_share":"","sfsi_plus_gutenberg_icon_type":"","sfsi_plus_gutenberg_icon_alignemt":"","sfsi_plus_gutenburg_max_per_row":"","footnotes":""},"categories":[50,2],"tags":[],"class_list":["post-155695","post","type-post","status-publish","format-standard","has-post-thumbnail","hentry","category-destaque","category-geral"],"_links":{"self":[{"href":"https:\/\/www.caririemacao.com\/1\/wp-json\/wp\/v2\/posts\/155695","targetHints":{"allow":["GET"]}}],"collection":[{"href":"https:\/\/www.caririemacao.com\/1\/wp-json\/wp\/v2\/posts"}],"about":[{"href":"https:\/\/www.caririemacao.com\/1\/wp-json\/wp\/v2\/types\/post"}],"author":[{"embeddable":true,"href":"https:\/\/www.caririemacao.com\/1\/wp-json\/wp\/v2\/users\/2"}],"replies":[{"embeddable":true,"href":"https:\/\/www.caririemacao.com\/1\/wp-json\/wp\/v2\/comments?post=155695"}],"version-history":[{"count":2,"href":"https:\/\/www.caririemacao.com\/1\/wp-json\/wp\/v2\/posts\/155695\/revisions"}],"predecessor-version":[{"id":155697,"href":"https:\/\/www.caririemacao.com\/1\/wp-json\/wp\/v2\/posts\/155695\/revisions\/155697"}],"wp:featuredmedia":[{"embeddable":true,"href":"https:\/\/www.caririemacao.com\/1\/wp-json\/wp\/v2\/media\/154554"}],"wp:attachment":[{"href":"https:\/\/www.caririemacao.com\/1\/wp-json\/wp\/v2\/media?parent=155695"}],"wp:term":[{"taxonomy":"category","embeddable":true,"href":"https:\/\/www.caririemacao.com\/1\/wp-json\/wp\/v2\/categories?post=155695"},{"taxonomy":"post_tag","embeddable":true,"href":"https:\/\/www.caririemacao.com\/1\/wp-json\/wp\/v2\/tags?post=155695"}],"curies":[{"name":"wp","href":"https:\/\/api.w.org\/{rel}","templated":true}]}}