{"id":155704,"date":"2020-02-28T16:48:03","date_gmt":"2020-02-28T19:48:03","guid":{"rendered":"http:\/\/www.caririemacao.com\/1\/?p=155704"},"modified":"2020-02-28T16:48:06","modified_gmt":"2020-02-28T19:48:06","slug":"prefeito-eden-duarte-anuncia-calcamentos-para-mais-22-ruas-da-cidade","status":"publish","type":"post","link":"https:\/\/www.caririemacao.com\/1\/2020\/02\/28\/prefeito-eden-duarte-anuncia-calcamentos-para-mais-22-ruas-da-cidade\/","title":{"rendered":"Prefeito \u00c9den Duarte anuncia cal\u00e7amentos para mais 22 ruas da cidade"},"content":{"rendered":"\n<p>Em solenidade realizada nessa sexta-feira, (28), o prefeito \u00c9den Duarte anunciou mais uma etapa de obras de cal\u00e7amentos para a cidade de Sum\u00e9, fazendo com que sua gest\u00e3o tenha o maior programa de pavimenta\u00e7\u00e3o j\u00e1 realizado no munic\u00edpio.<\/p>\n\n\n\n<p>O evento ocorreu no audit\u00f3rio da Secretaria de Educa\u00e7\u00e3o e contou com a participa\u00e7\u00e3o dos secret\u00e1rios municipais, Isca Viana (Obras), Alessandra Regina (Sa\u00fade), Bonilson Tim\u00f3teo (Administra\u00e7\u00e3o), presidente da C\u00e2mara Municipal, Le\u00f4nidas Albino (Bomba), o vereadores, Ant\u00f4nio Carlos (l\u00edder do governo), Br\u00edgida Xavier, Nilson e Jos\u00e9 Ant\u00f4nio, Marivaldo Alc\u00e2ntara (Coordenador do Or\u00e7amento Democr\u00e1tico Municipal), conselheiros do ODM, presidentes de associa\u00e7\u00f5es comunit\u00e1rias e servidores p\u00fablicos.<\/p>\n\n\n\n<p>Nesta nova etapa do programa ser\u00e3o investidos R$ 1,6 (um milh\u00e3o, seiscentos e cinquenta mil reais), que ir\u00e1 contemplar 22 ruas de sete bairros do munic\u00edpio. O investimento conta com recursos garantidos pelo deputado federal Wellington Roberto e uma contrapartida da Prefeitura.<\/p>\n\n\n\n<figure class=\"wp-block-image\"><a href=\"http:\/\/www.sume.pb.gov.br\/2020\/02\/prefeito-eden-duarte-anuncia-calcamentos-para-mais-22-ruas-da-cidade\/dsc_0850\/\"><img decoding=\"async\" data-src=\"http:\/\/www.sume.pb.gov.br\/wp-content\/uploads\/2020\/02\/DSC_0850-300x199.jpg\" alt=\"\" src=\"data:image\/svg+xml;base64,PHN2ZyB3aWR0aD0iMSIgaGVpZ2h0PSIxIiB4bWxucz0iaHR0cDovL3d3dy53My5vcmcvMjAwMC9zdmciPjwvc3ZnPg==\" class=\"lazyload\" style=\"--smush-placeholder-width: 300px; --smush-placeholder-aspect-ratio: 300\/199;\" \/><\/a><\/figure>\n\n\n\n<figure class=\"wp-block-image\"><a href=\"http:\/\/www.sume.pb.gov.br\/2020\/02\/prefeito-eden-duarte-anuncia-calcamentos-para-mais-22-ruas-da-cidade\/dsc_0858\/\"><img decoding=\"async\" data-src=\"http:\/\/www.sume.pb.gov.br\/wp-content\/uploads\/2020\/02\/DSC_0858-300x199.jpg\" alt=\"\" src=\"data:image\/svg+xml;base64,PHN2ZyB3aWR0aD0iMSIgaGVpZ2h0PSIxIiB4bWxucz0iaHR0cDovL3d3dy53My5vcmcvMjAwMC9zdmciPjwvc3ZnPg==\" class=\"lazyload\" style=\"--smush-placeholder-width: 300px; --smush-placeholder-aspect-ratio: 300\/199;\" \/><\/a><\/figure>\n\n\n\n<figure class=\"wp-block-image\"><a href=\"http:\/\/www.sume.pb.gov.br\/2020\/02\/prefeito-eden-duarte-anuncia-calcamentos-para-mais-22-ruas-da-cidade\/dsc_0872\/\"><img decoding=\"async\" data-src=\"http:\/\/www.sume.pb.gov.br\/wp-content\/uploads\/2020\/02\/DSC_0872-300x199.jpg\" alt=\"\" src=\"data:image\/svg+xml;base64,PHN2ZyB3aWR0aD0iMSIgaGVpZ2h0PSIxIiB4bWxucz0iaHR0cDovL3d3dy53My5vcmcvMjAwMC9zdmciPjwvc3ZnPg==\" class=\"lazyload\" style=\"--smush-placeholder-width: 300px; --smush-placeholder-aspect-ratio: 300\/199;\" \/><\/a><\/figure>\n\n\n\n<p>\u00c9den afirmou ainda que os conv\u00eanios j\u00e1 foram assinados e entregues na Caixa Econ\u00f4mica Federal, aguardando somente a aprova\u00e7\u00e3o para em seguida ser aberto o processo de licita\u00e7\u00e3o e in\u00edcio da obra.<\/p>\n\n\n\n<p>Em janeiro deste ano, \u00c9den j\u00e1 tinha dado a ordem de servi\u00e7o para uma outra etapa de cal\u00e7amentos, contemplando 11 ruas entre os bairros Renascer e Santa Rosa. Segundo ele, desta etapa, est\u00e3o sendo executados 6.000m\u00b2 de cal\u00e7amentos no Renascer e na pr\u00f3xima semana, a obra seguir\u00e1 para o Conjunto Habitacional.<\/p>\n\n\n\n<p>\u201cEm tr\u00eas anos e dois meses de governo, estamos com o maior programa de pavimenta\u00e7\u00e3o que a cidade j\u00e1 viu, s\u00e3o resultados entregues a todo momento. As pessoas que participaram do ODM est\u00e3o vendo as a\u00e7\u00f5es acontecendo, com a participa\u00e7\u00e3o da C\u00e2mara de Vereadores, que tem sido uma importante parceira do munic\u00edpio\u201d, afirmou \u00c9den.<\/p>\n\n\n\n<figure class=\"wp-block-image\"><a href=\"http:\/\/www.sume.pb.gov.br\/wp-content\/uploads\/2020\/02\/DSC_0850-1.jpg\"><img decoding=\"async\" data-src=\"http:\/\/www.sume.pb.gov.br\/wp-content\/uploads\/2020\/02\/DSC_0850-1-300x199.jpg\" alt=\"\" src=\"data:image\/svg+xml;base64,PHN2ZyB3aWR0aD0iMSIgaGVpZ2h0PSIxIiB4bWxucz0iaHR0cDovL3d3dy53My5vcmcvMjAwMC9zdmciPjwvc3ZnPg==\" class=\"lazyload\" style=\"--smush-placeholder-width: 300px; --smush-placeholder-aspect-ratio: 300\/199;\" \/><\/a><\/figure>\n\n\n\n<figure class=\"wp-block-image\"><a href=\"http:\/\/www.sume.pb.gov.br\/wp-content\/uploads\/2020\/02\/DSC_0854.jpg\"><img decoding=\"async\" data-src=\"http:\/\/www.sume.pb.gov.br\/wp-content\/uploads\/2020\/02\/DSC_0854-300x199.jpg\" alt=\"\" src=\"data:image\/svg+xml;base64,PHN2ZyB3aWR0aD0iMSIgaGVpZ2h0PSIxIiB4bWxucz0iaHR0cDovL3d3dy53My5vcmcvMjAwMC9zdmciPjwvc3ZnPg==\" class=\"lazyload\" style=\"--smush-placeholder-width: 300px; --smush-placeholder-aspect-ratio: 300\/199;\" \/><\/a><\/figure>\n\n\n\n<figure class=\"wp-block-image\"><a href=\"http:\/\/www.sume.pb.gov.br\/wp-content\/uploads\/2020\/02\/DSC_0855.jpg\"><img decoding=\"async\" data-src=\"http:\/\/www.sume.pb.gov.br\/wp-content\/uploads\/2020\/02\/DSC_0855-300x199.jpg\" alt=\"\" src=\"data:image\/svg+xml;base64,PHN2ZyB3aWR0aD0iMSIgaGVpZ2h0PSIxIiB4bWxucz0iaHR0cDovL3d3dy53My5vcmcvMjAwMC9zdmciPjwvc3ZnPg==\" class=\"lazyload\" style=\"--smush-placeholder-width: 300px; --smush-placeholder-aspect-ratio: 300\/199;\" \/><\/a><\/figure>\n\n\n\n<p>O conselheiro do ODM, Ulisses Tim\u00f3teo, representante da regi\u00e3o do Alto Alegre, disse que ficou muito feliz com o an\u00fancio da obra de cal\u00e7amento para as ruas Jo\u00e3o Fogueteiro e ruas projetadas I e II. \u201cO prefeito \u00c9den est\u00e1 mostrando que tem trabalho, que est\u00e1 correndo em busca de a\u00e7\u00f5es para o munic\u00edpio,\u201d disse.<\/p>\n\n\n\n<p>Semana passada, o prefeito anunciou tamb\u00e9m a constru\u00e7\u00e3o de duas novas escolas no valor de R$ 5,3 milh\u00f5es que vai atender alunos da rede p\u00fablica municipal de ensino. \u201cS\u00e3o investimentos que est\u00e3o ocorrendo dentro do munic\u00edpio, a todo momento, gra\u00e7as a um governo de trabalho e compromisso que entrega resultado \u00e0 popula\u00e7\u00e3o de Sum\u00e9\u201d, ressaltou.<\/p>\n\n\n\n<p>Confira a rela\u00e7\u00e3o da nova etapa de cal\u00e7amentos:<\/p>\n\n\n\n<p><strong>No Alto Alegre<\/strong>: Rua Jo\u00e3o Fogueteiro \u2013 Rua Manoel Gomes de Assis e Ruas Projetadas 1 e 2.<\/p>\n\n\n\n<p>\u2013&nbsp;<strong>No Santa Rosa:<\/strong>&nbsp;Rua Jos\u00e9 Francisco Neco \u2013 Jos\u00e9 Paulino de Barros \u2013 Ant\u00f4nio Sabi\u00e1 \u2013 Geremias de Oliveira Ara\u00fajo e Rua Ata\u00edde D\u00e1rio de Oliveira.<\/p>\n\n\n\n<p>\u2013&nbsp;<strong>No Renascer:&nbsp;<\/strong>Ruas Silv\u00e9rio Izidio da Cruz \u2013 Alice Sim\u00f5es de Ara\u00fajo \u2013 Vilarina Aleixo \u2013 Estelita Ara\u00fajo Lucas \u2013 Severina Bezerra da Silva e Rua Sebasti\u00e3o Odon de Sousa.<\/p>\n\n\n\n<p>\u2013&nbsp;<strong>No Conjunto Sebasti\u00e3o Vitorino<\/strong>: Rua Ivo de Luna Chaves e Rua Josias Galdino.<\/p>\n\n\n\n<p>\u2013 N<strong>o Conjunto Pedro Ferreira<\/strong>: Rua Jos\u00e9 Cavalcante de Queiroz \u2013 Anacleto Feitosa da Silva e Rua Sebasti\u00e3o Alves de Ara\u00fajo.<\/p>\n\n\n\n<p>\u2013 C<strong>arro Quebrado<\/strong>: Rua Santos Dumont.<\/p>\n\n\n\n<p>\u2013&nbsp;<strong>Frei Dami\u00e3o<\/strong>: Rua Sebasti\u00e3o Pires da Silva.<\/p>\n\n\n\n<p>Ascom PMS<\/p>\n","protected":false},"excerpt":{"rendered":"<p>Em solenidade realizada nessa sexta-feira, (28), o prefeito \u00c9den Duarte anunciou mais uma etapa de obras de cal\u00e7amentos para a cidade de Sum\u00e9, fazendo com&hellip; <\/p>\n","protected":false},"author":2,"featured_media":155705,"comment_status":"closed","ping_status":"closed","sticky":false,"template":"","format":"standard","meta":{"sfsi_plus_gutenberg_text_before_share":"","sfsi_plus_gutenberg_show_text_before_share":"","sfsi_plus_gutenberg_icon_type":"","sfsi_plus_gutenberg_icon_alignemt":"","sfsi_plus_gutenburg_max_per_row":"","footnotes":""},"categories":[6],"tags":[],"class_list":["post-155704","post","type-post","status-publish","format-standard","has-post-thumbnail","hentry","category-cidades"],"_links":{"self":[{"href":"https:\/\/www.caririemacao.com\/1\/wp-json\/wp\/v2\/posts\/155704","targetHints":{"allow":["GET"]}}],"collection":[{"href":"https:\/\/www.caririemacao.com\/1\/wp-json\/wp\/v2\/posts"}],"about":[{"href":"https:\/\/www.caririemacao.com\/1\/wp-json\/wp\/v2\/types\/post"}],"author":[{"embeddable":true,"href":"https:\/\/www.caririemacao.com\/1\/wp-json\/wp\/v2\/users\/2"}],"replies":[{"embeddable":true,"href":"https:\/\/www.caririemacao.com\/1\/wp-json\/wp\/v2\/comments?post=155704"}],"version-history":[{"count":1,"href":"https:\/\/www.caririemacao.com\/1\/wp-json\/wp\/v2\/posts\/155704\/revisions"}],"predecessor-version":[{"id":155706,"href":"https:\/\/www.caririemacao.com\/1\/wp-json\/wp\/v2\/posts\/155704\/revisions\/155706"}],"wp:featuredmedia":[{"embeddable":true,"href":"https:\/\/www.caririemacao.com\/1\/wp-json\/wp\/v2\/media\/155705"}],"wp:attachment":[{"href":"https:\/\/www.caririemacao.com\/1\/wp-json\/wp\/v2\/media?parent=155704"}],"wp:term":[{"taxonomy":"category","embeddable":true,"href":"https:\/\/www.caririemacao.com\/1\/wp-json\/wp\/v2\/categories?post=155704"},{"taxonomy":"post_tag","embeddable":true,"href":"https:\/\/www.caririemacao.com\/1\/wp-json\/wp\/v2\/tags?post=155704"}],"curies":[{"name":"wp","href":"https:\/\/api.w.org\/{rel}","templated":true}]}}