{"id":155714,"date":"2020-02-29T07:36:14","date_gmt":"2020-02-29T10:36:14","guid":{"rendered":"http:\/\/www.caririemacao.com\/1\/?p=155714"},"modified":"2020-02-29T07:36:16","modified_gmt":"2020-02-29T10:36:16","slug":"ex-presidente-do-supremo-comenta-apoio-de-bolsonaro-a-protesto-contra-o-congresso","status":"publish","type":"post","link":"https:\/\/www.caririemacao.com\/1\/2020\/02\/29\/ex-presidente-do-supremo-comenta-apoio-de-bolsonaro-a-protesto-contra-o-congresso\/","title":{"rendered":"Ex-presidente do Supremo comenta apoio de Bolsonaro a protesto contra o Congresso"},"content":{"rendered":"\n<p>Ao comentar ontem a iniciativa do presidente Jair Bolsonaro de estimular, atrav\u00e9s de suas redes sociais, um protesto contra o Congresso Nacional e o Judici\u00e1rio, o jurista e ex-presidente do Supremo Tribunal Federal, Carlos Ayres de Britto, afirmou que \u201cquando o presidente repassou pela internet a mat\u00e9ria, pelo cargo dele, assumiu a coautoria da mensagem. \u00c9 uma esp\u00e9cie de paternidade compartilhada. Foi um endosso\u201d.<\/p>\n\n\n\n<p>Ainda conforme Britto, \u201cquando se trata de um presidente assinando embaixo uma mensagem t\u00e3o grave com essa, com repercuss\u00e3o nos outros poderes, fica dif\u00edcil fazer a separa\u00e7\u00e3o entre a conduta pessoal e a funcional\u201d.<\/p>\n\n\n\n<p>*com informa\u00e7\u00f5es da Folhapress<\/p>\n","protected":false},"excerpt":{"rendered":"<p>Ao comentar ontem a iniciativa do presidente Jair Bolsonaro de estimular, atrav\u00e9s de suas redes sociais, um protesto contra o Congresso Nacional e o Judici\u00e1rio,&hellip; <\/p>\n","protected":false},"author":2,"featured_media":155715,"comment_status":"closed","ping_status":"closed","sticky":false,"template":"","format":"standard","meta":{"sfsi_plus_gutenberg_text_before_share":"","sfsi_plus_gutenberg_show_text_before_share":"","sfsi_plus_gutenberg_icon_type":"","sfsi_plus_gutenberg_icon_alignemt":"","sfsi_plus_gutenburg_max_per_row":"","footnotes":""},"categories":[50,11],"tags":[],"class_list":["post-155714","post","type-post","status-publish","format-standard","has-post-thumbnail","hentry","category-destaque","category-politica"],"_links":{"self":[{"href":"https:\/\/www.caririemacao.com\/1\/wp-json\/wp\/v2\/posts\/155714","targetHints":{"allow":["GET"]}}],"collection":[{"href":"https:\/\/www.caririemacao.com\/1\/wp-json\/wp\/v2\/posts"}],"about":[{"href":"https:\/\/www.caririemacao.com\/1\/wp-json\/wp\/v2\/types\/post"}],"author":[{"embeddable":true,"href":"https:\/\/www.caririemacao.com\/1\/wp-json\/wp\/v2\/users\/2"}],"replies":[{"embeddable":true,"href":"https:\/\/www.caririemacao.com\/1\/wp-json\/wp\/v2\/comments?post=155714"}],"version-history":[{"count":1,"href":"https:\/\/www.caririemacao.com\/1\/wp-json\/wp\/v2\/posts\/155714\/revisions"}],"predecessor-version":[{"id":155716,"href":"https:\/\/www.caririemacao.com\/1\/wp-json\/wp\/v2\/posts\/155714\/revisions\/155716"}],"wp:featuredmedia":[{"embeddable":true,"href":"https:\/\/www.caririemacao.com\/1\/wp-json\/wp\/v2\/media\/155715"}],"wp:attachment":[{"href":"https:\/\/www.caririemacao.com\/1\/wp-json\/wp\/v2\/media?parent=155714"}],"wp:term":[{"taxonomy":"category","embeddable":true,"href":"https:\/\/www.caririemacao.com\/1\/wp-json\/wp\/v2\/categories?post=155714"},{"taxonomy":"post_tag","embeddable":true,"href":"https:\/\/www.caririemacao.com\/1\/wp-json\/wp\/v2\/tags?post=155714"}],"curies":[{"name":"wp","href":"https:\/\/api.w.org\/{rel}","templated":true}]}}