{"id":155718,"date":"2020-02-29T07:37:38","date_gmt":"2020-02-29T10:37:38","guid":{"rendered":"http:\/\/www.caririemacao.com\/1\/?p=155718"},"modified":"2020-02-29T07:37:40","modified_gmt":"2020-02-29T10:37:40","slug":"governo-federal-alarga-prazo-para-aplicacao-da-nova-carteira-de-identidade","status":"publish","type":"post","link":"https:\/\/www.caririemacao.com\/1\/2020\/02\/29\/governo-federal-alarga-prazo-para-aplicacao-da-nova-carteira-de-identidade\/","title":{"rendered":"Governo federal alarga prazo para aplica\u00e7\u00e3o da nova carteira de identidade"},"content":{"rendered":"\n<p>O governo prorrogou para mar\u00e7o de 2021 a obrigatoriedade na ado\u00e7\u00e3o do novo modelo de carteira de identidade. \u00c9 a segunda vez que o governo prorroga o prazo. O prazo anterior era mar\u00e7o desde ano e o prazo original, do decreto 9.278\/2018, era mar\u00e7o de 2019.<\/p>\n\n\n\n<p>A prorroga\u00e7\u00e3o foi publicada nesta sexta-feira (28) no Di\u00e1rio Oficial da Uni\u00e3o.<\/p>\n\n\n\n<p>As informa\u00e7\u00f5es s\u00e3o da Ag\u00eancia Brasil.<\/p>\n\n\n\n<p>Assim, os \u00f3rg\u00e3os de identifica\u00e7\u00e3o t\u00eam mais um ano para se adequar aos padr\u00f5es da nova carteira de identidade.<\/p>\n\n\n\n<p>O novo modelo traz dispositivos para aumentar a seguran\u00e7a contra a falsifica\u00e7\u00e3o e cont\u00e9m mais informa\u00e7\u00f5es, como registros do t\u00edtulo de eleitor, numera\u00e7\u00e3o da Carteira de Trabalho e Previd\u00eancia Social, certificado militar, Carteira Nacional de Habilita\u00e7\u00e3o, documento de identidade profissional, carteira nacional de sa\u00fade e n\u00fameros de NIS\/PIS\/Pasep. Tamb\u00e9m poder\u00e1 ser inclu\u00eddo o nome social sem a necessidade de altera\u00e7\u00e3o no registro civil.<\/p>\n\n\n\n<p>Outra novidade \u00e9 que poder\u00e3o constar, no novo RG, indicativos para pessoas com necessidades especiais e c\u00f3digos referentes ao C\u00f3digo Internacional de Doen\u00e7as (CID).<\/p>\n\n\n\n<p>Todas as informa\u00e7\u00f5es s\u00e3o facultativas, ou seja, cada cidad\u00e3o poder\u00e1 optar por incluir os registros complementares que julgar necess\u00e1rios.<\/p>\n","protected":false},"excerpt":{"rendered":"<p>O governo prorrogou para mar\u00e7o de 2021 a obrigatoriedade na ado\u00e7\u00e3o do novo modelo de carteira de identidade. \u00c9 a segunda vez que o governo&hellip; <\/p>\n","protected":false},"author":2,"featured_media":155719,"comment_status":"closed","ping_status":"closed","sticky":false,"template":"","format":"standard","meta":{"sfsi_plus_gutenberg_text_before_share":"","sfsi_plus_gutenberg_show_text_before_share":"","sfsi_plus_gutenberg_icon_type":"","sfsi_plus_gutenberg_icon_alignemt":"","sfsi_plus_gutenburg_max_per_row":"","footnotes":""},"categories":[50,2],"tags":[],"class_list":["post-155718","post","type-post","status-publish","format-standard","has-post-thumbnail","hentry","category-destaque","category-geral"],"_links":{"self":[{"href":"https:\/\/www.caririemacao.com\/1\/wp-json\/wp\/v2\/posts\/155718","targetHints":{"allow":["GET"]}}],"collection":[{"href":"https:\/\/www.caririemacao.com\/1\/wp-json\/wp\/v2\/posts"}],"about":[{"href":"https:\/\/www.caririemacao.com\/1\/wp-json\/wp\/v2\/types\/post"}],"author":[{"embeddable":true,"href":"https:\/\/www.caririemacao.com\/1\/wp-json\/wp\/v2\/users\/2"}],"replies":[{"embeddable":true,"href":"https:\/\/www.caririemacao.com\/1\/wp-json\/wp\/v2\/comments?post=155718"}],"version-history":[{"count":1,"href":"https:\/\/www.caririemacao.com\/1\/wp-json\/wp\/v2\/posts\/155718\/revisions"}],"predecessor-version":[{"id":155720,"href":"https:\/\/www.caririemacao.com\/1\/wp-json\/wp\/v2\/posts\/155718\/revisions\/155720"}],"wp:featuredmedia":[{"embeddable":true,"href":"https:\/\/www.caririemacao.com\/1\/wp-json\/wp\/v2\/media\/155719"}],"wp:attachment":[{"href":"https:\/\/www.caririemacao.com\/1\/wp-json\/wp\/v2\/media?parent=155718"}],"wp:term":[{"taxonomy":"category","embeddable":true,"href":"https:\/\/www.caririemacao.com\/1\/wp-json\/wp\/v2\/categories?post=155718"},{"taxonomy":"post_tag","embeddable":true,"href":"https:\/\/www.caririemacao.com\/1\/wp-json\/wp\/v2\/tags?post=155718"}],"curies":[{"name":"wp","href":"https:\/\/api.w.org\/{rel}","templated":true}]}}