{"id":155722,"date":"2020-02-29T07:39:01","date_gmt":"2020-02-29T10:39:01","guid":{"rendered":"http:\/\/www.caririemacao.com\/1\/?p=155722"},"modified":"2020-02-29T07:39:03","modified_gmt":"2020-02-29T10:39:03","slug":"coronavirus-nas-redes-sociais-do-brasil-predominam-as-piadas","status":"publish","type":"post","link":"https:\/\/www.caririemacao.com\/1\/2020\/02\/29\/coronavirus-nas-redes-sociais-do-brasil-predominam-as-piadas\/","title":{"rendered":"Coronav\u00edrus: nas redes sociais do Brasil predominam as piadas"},"content":{"rendered":"\n<p>Segundo um usu\u00e1rio do Twitter, o&nbsp;<a href=\"https:\/\/paraibaonline.com.br\/2020\/02\/descartado-caso-de-coronavirus-na-paraiba\/\">novo coronav\u00edrus<\/a>&nbsp;n\u00e3o tem chance no Brasil.<\/p>\n\n\n\n<p>\u201cSe esse trem chega aqui no interior a gente mata ele no dente e come com arroz\u201d, escreveu no microblog.<\/p>\n\n\n\n<p>Cerca de 34% das intera\u00e7\u00f5es nas redes com men\u00e7\u00f5es ao v\u00edrus s\u00e3o ir\u00f4nicas ou bem-humoradas, segundo um estudo da FGV.<\/p>\n\n\n\n<p>Com o primeiro caso de infec\u00e7\u00e3o pelo&nbsp;<a href=\"https:\/\/paraibaonline.com.br\/2020\/02\/secretaria-de-saude-da-paraiba-descarta-novo-paciente-com-suspeita-de-coronavirus\/\">novo coronav\u00edrus no Brasil<\/a>&nbsp;durante o Carnaval, os brasileiros n\u00e3o perderam a chance de fazer piadas.<\/p>\n\n\n\n<p>\u201cBeijou mais de 30 no bloquinho e agora est\u00e1 com medo do coronav\u00edrus?\u201d, diz um usu\u00e1rio.<\/p>\n\n\n\n<p>Tamb\u00e9m serviram de material para memes a crise h\u00eddrica no Rio de Janeiro, o consumo de \u00e1lcool no Carnaval, a greve de policiais no Cear\u00e1 e at\u00e9 mesmo problemas do saneamento brasileiro.<\/p>\n\n\n\n<p>A surpresa fica por conta do esvaziamento da polariza\u00e7\u00e3o rotineira na internet. Perfis de influenciadores de esquerda usaram menos a doen\u00e7a como ativo pol\u00edtico do que perfis conservadores e de direita, ainda assim, no Twitter, ambos os grupos atuaram pouco no debate sobre a doen\u00e7a covid-19, causada pelo coronav\u00edrus.<\/p>\n\n\n\n<p>Os perfis de direita e conservadores, em especial, t\u00eam engajado pouco os seus seguidores, que n\u00e3o interagiram bem com as teorias da conspira\u00e7\u00e3o que sugerem que a imprensa estaria usando a cobertura sobre o coronav\u00edrus para coibir as manifesta\u00e7\u00f5es programadas para o dia 15 de mar\u00e7o.<\/p>\n\n\n\n<p>As mensagens em grupos que organizam as manifesta\u00e7\u00f5es mudaram de tom ap\u00f3s o ministro-chefe do CSI (Gabinete de Seguran\u00e7a Institucional), o general Augusto Heleno, chamar o Congresso de \u201cchantagista\u201d.<\/p>\n\n\n\n<p>Os manifestantes passaram a fazer alus\u00e3o a ataques ao Congresso e defesa de militares e do presidente Jair Bolsonaro (sem partido), que manifestou apoio aos protestos, gerando uma crise institucional e novas acusa\u00e7\u00f5es de flerte com autoritarismo.<\/p>\n\n\n\n<p>Outra descoberta do estudo, divulgado nesta sexta (28), foi a de que o perfil oficial do Minist\u00e9rio da Sa\u00fade, tamb\u00e9m no Twitter, foi o maior influenciador do debate.<\/p>\n\n\n\n<p>Desde o dia 15 de janeiro, mais de 3,3 milh\u00f5es de tu\u00edtes sobre o coronav\u00edrus foram publicados por brasileiros.<\/p>\n\n\n\n<p>Com o primeiro caso confirmado no Brasil, mais de um milh\u00e3o de men\u00e7\u00f5es ao v\u00edrus foram feitas em menos de 48h.<\/p>\n\n\n\n<p>Medo Segundo o estudo, apenas 10% das men\u00e7\u00f5es de pessoas comuns nas redes aludem ao medo de contrair o v\u00edrus ou de o n\u00famero de casos confirmados explodir no Brasil. Os usu\u00e1rios parecem ter seguido \u00e0 risca a orienta\u00e7\u00e3o de que n\u00e3o \u00e9 necess\u00e1rio entrar em p\u00e2nico.<\/p>\n\n\n\n<p>\u201cEm 10% das men\u00e7\u00f5es no Brasil h\u00e1 refer\u00eancia direta, por parte dos perfis, \u00e0 possibilidade de r\u00e1pido cont\u00e1gio pela doen\u00e7a, ao medo de se infectar ou \u00e0 necessidade de que haja maior precau\u00e7\u00e3o, como o uso de m\u00e1scaras e de procedimentos para evitar aglomera\u00e7\u00f5es urbanas e pessoas com sintomas gripais\u201d, diz o estudo.<\/p>\n\n\n\n<p>No geral, boa parte dos que dizem temer o v\u00edrus o faz devido ao receio de que o Governo Federal n\u00e3o tenha capacidade para lidar com uma eventual explos\u00e3o no n\u00famero de casos confirmados.<\/p>\n\n\n\n<p>Mais de 150 mil publica\u00e7\u00f5es citam o avan\u00e7o da dengue e do sarampo no pa\u00eds, bem como a queda de investimentos em ci\u00eancia e pesquisa, para dar corpo aos questionamentos.<\/p>\n\n\n\n<p>Facebook<\/p>\n\n\n\n<p>A rede social de Mark Zuckerberg tamb\u00e9m movimentou os debates. Desde janeiro, foram mais de 31 milh\u00f5es de intera\u00e7\u00f5es em links sobre o coronav\u00edrus.<\/p>\n\n\n\n<p>Desde a \u00faltima ter\u00e7a (25), quando o primeiro caso no Brasil foi confirmado, a m\u00e9dia di\u00e1ria de intera\u00e7\u00f5es saltou de 100 mil para 2,7 milh\u00f5es.<\/p>\n\n\n\n<p>Apesar do alto fluxo, os 50 principais links com os quais usu\u00e1rios interagiram desde o dia 24 de fevereiro n\u00e3o continham fake news ou teorias da conspira\u00e7\u00e3o. Entre os principais links, a maioria s\u00e3o de reportagens de ve\u00edculos de imprensa tradicionais.<br><\/p>\n","protected":false},"excerpt":{"rendered":"<p>Segundo um usu\u00e1rio do Twitter, o&nbsp;novo coronav\u00edrus&nbsp;n\u00e3o tem chance no Brasil. \u201cSe esse trem chega aqui no interior a gente mata ele no dente e&hellip; <\/p>\n","protected":false},"author":2,"featured_media":64632,"comment_status":"closed","ping_status":"closed","sticky":false,"template":"","format":"standard","meta":{"sfsi_plus_gutenberg_text_before_share":"","sfsi_plus_gutenberg_show_text_before_share":"","sfsi_plus_gutenberg_icon_type":"","sfsi_plus_gutenberg_icon_alignemt":"","sfsi_plus_gutenburg_max_per_row":"","footnotes":""},"categories":[50,2],"tags":[],"class_list":["post-155722","post","type-post","status-publish","format-standard","has-post-thumbnail","hentry","category-destaque","category-geral"],"_links":{"self":[{"href":"https:\/\/www.caririemacao.com\/1\/wp-json\/wp\/v2\/posts\/155722","targetHints":{"allow":["GET"]}}],"collection":[{"href":"https:\/\/www.caririemacao.com\/1\/wp-json\/wp\/v2\/posts"}],"about":[{"href":"https:\/\/www.caririemacao.com\/1\/wp-json\/wp\/v2\/types\/post"}],"author":[{"embeddable":true,"href":"https:\/\/www.caririemacao.com\/1\/wp-json\/wp\/v2\/users\/2"}],"replies":[{"embeddable":true,"href":"https:\/\/www.caririemacao.com\/1\/wp-json\/wp\/v2\/comments?post=155722"}],"version-history":[{"count":1,"href":"https:\/\/www.caririemacao.com\/1\/wp-json\/wp\/v2\/posts\/155722\/revisions"}],"predecessor-version":[{"id":155723,"href":"https:\/\/www.caririemacao.com\/1\/wp-json\/wp\/v2\/posts\/155722\/revisions\/155723"}],"wp:featuredmedia":[{"embeddable":true,"href":"https:\/\/www.caririemacao.com\/1\/wp-json\/wp\/v2\/media\/64632"}],"wp:attachment":[{"href":"https:\/\/www.caririemacao.com\/1\/wp-json\/wp\/v2\/media?parent=155722"}],"wp:term":[{"taxonomy":"category","embeddable":true,"href":"https:\/\/www.caririemacao.com\/1\/wp-json\/wp\/v2\/categories?post=155722"},{"taxonomy":"post_tag","embeddable":true,"href":"https:\/\/www.caririemacao.com\/1\/wp-json\/wp\/v2\/tags?post=155722"}],"curies":[{"name":"wp","href":"https:\/\/api.w.org\/{rel}","templated":true}]}}